{"id":13523,"date":"2018-11-19T20:22:24","date_gmt":"2018-11-19T22:22:24","guid":{"rendered":"https:\/\/blogs.correiobraziliense.com.br\/cbpoder\/?p=13523"},"modified":"2018-11-19T20:22:24","modified_gmt":"2018-11-19T22:22:24","slug":"diretor-geral-do-der-df-na-gestao-de-agnelo-fauzi-nacfur-voltara-ao-cargo-no-governo-ibaneis","status":"publish","type":"post","link":"https:\/\/blogs.correiobraziliense.com.br\/cbpoder\/diretor-geral-do-der-df-na-gestao-de-agnelo-fauzi-nacfur-voltara-ao-cargo-no-governo-ibaneis\/","title":{"rendered":"Diretor-geral do DER-DF na gest\u00e3o de Agnelo, Fauzi Nacfur voltar\u00e1 ao cargo no governo Ibaneis"},"content":{"rendered":"<p><span style=\"font-weight: 400\">O engenheiro civil e servidor de carreira da Companhia Urbanizadora da Nova Capital (Novacap) Fauzi Nacfur Junior retornar\u00e1 ao cargo de diretor-geral do Departamento de Estradas de Rodagem (DER-DF) na gest\u00e3o de Ibaneis Rocha (MDB). Ele havia ocupado o posto na gest\u00e3o de Agnelo Queiroz (PT), entre 2011 e 2014.\u00a0<\/span><\/p>\n<p>&nbsp;<\/p>\n<p><span style=\"font-weight: 400\">Formado em Engenharia pela Universidade Federal de Vi\u00e7osa (UFV) e p\u00f3s-graduado em \u201cGest\u00e3o, Educa\u00e7\u00e3o e Seguran\u00e7a no Tr\u00e2nsito\u201d pela Universidade Cat\u00f3lica de Bras\u00edlia, Fauzi <\/span><span style=\"font-weight: 400\">atuou, ainda, como diretor de Urbaniza\u00e7\u00e3o da Novacap e Assessor Especial e Subsecret\u00e1rio de Atendimento \u00e0s Cidades, da Secretaria de Infraestrutura e Servi\u00e7os P\u00fablicos do DF.<\/span><\/p>\n","protected":false},"excerpt":{"rendered":"<p>O engenheiro civil e servidor de carreira da Companhia Urbanizadora da Nova Capital (Novacap) Fauzi Nacfur Junior retornar\u00e1 ao cargo de diretor-geral do Departamento de Estradas de Rodagem (DER-DF) na gest\u00e3o de Ibaneis Rocha (MDB). Ele havia ocupado o posto na gest\u00e3o de Agnelo Queiroz (PT), entre 2011 e 2014.\u00a0 &nbsp; Formado em Engenharia pela Universidade Federal de Vi\u00e7osa (UFV) [&hellip;]<\/p>\n","protected":false},"author":90,"featured_media":13524,"comment_status":"open","ping_status":"closed","sticky":false,"template":"","format":"standard","meta":{"footnotes":""},"categories":[234],"tags":[358,1566,1567,917],"class_list":["post-13523","post","type-post","status-publish","format-standard","has-post-thumbnail","hentry","category-cb-poder","tag-agnelo-queiroz","tag-der-df","tag-fauzi-nacfur","tag-ibaneis-rocha"],"_links":{"self":[{"href":"https:\/\/blogs.correiobraziliense.com.br\/cbpoder\/wp-json\/wp\/v2\/posts\/13523","targetHints":{"allow":["GET"]}}],"collection":[{"href":"https:\/\/blogs.correiobraziliense.com.br\/cbpoder\/wp-json\/wp\/v2\/posts"}],"about":[{"href":"https:\/\/blogs.correiobraziliense.com.br\/cbpoder\/wp-json\/wp\/v2\/types\/post"}],"author":[{"embeddable":true,"href":"https:\/\/blogs.correiobraziliense.com.br\/cbpoder\/wp-json\/wp\/v2\/users\/90"}],"replies":[{"embeddable":true,"href":"https:\/\/blogs.correiobraziliense.com.br\/cbpoder\/wp-json\/wp\/v2\/comments?post=13523"}],"version-history":[{"count":1,"href":"https:\/\/blogs.correiobraziliense.com.br\/cbpoder\/wp-json\/wp\/v2\/posts\/13523\/revisions"}],"predecessor-version":[{"id":13525,"href":"https:\/\/blogs.correiobraziliense.com.br\/cbpoder\/wp-json\/wp\/v2\/posts\/13523\/revisions\/13525"}],"wp:featuredmedia":[{"embeddable":true,"href":"https:\/\/blogs.correiobraziliense.com.br\/cbpoder\/wp-json\/wp\/v2\/media\/13524"}],"wp:attachment":[{"href":"https:\/\/blogs.correiobraziliense.com.br\/cbpoder\/wp-json\/wp\/v2\/media?parent=13523"}],"wp:term":[{"taxonomy":"category","embeddable":true,"href":"https:\/\/blogs.correiobraziliense.com.br\/cbpoder\/wp-json\/wp\/v2\/categories?post=13523"},{"taxonomy":"post_tag","embeddable":true,"href":"https:\/\/blogs.correiobraziliense.com.br\/cbpoder\/wp-json\/wp\/v2\/tags?post=13523"}],"curies":[{"name":"wp","href":"https:\/\/api.w.org\/{rel}","templated":true}]}}