{"id":13520,"date":"2018-11-19T19:56:14","date_gmt":"2018-11-19T21:56:14","guid":{"rendered":"https:\/\/blogs.correiobraziliense.com.br\/cbpoder\/?p=13520"},"modified":"2018-11-19T19:56:14","modified_gmt":"2018-11-19T21:56:14","slug":"bandido-sera-tratado-como-bandido-diz-futuro-secretario-da-casa-civil-do-df","status":"publish","type":"post","link":"https:\/\/blogs.correiobraziliense.com.br\/cbpoder\/bandido-sera-tratado-como-bandido-diz-futuro-secretario-da-casa-civil-do-df\/","title":{"rendered":"\u201cBandido ser\u00e1 tratado como bandido\u201d, diz futuro secret\u00e1rio da Casa Civil do DF"},"content":{"rendered":"<h5>J\u00c9SSICA EUFR\u00c1SIO<\/h5>\n<p dir=\"ltr\">\n<p dir=\"ltr\">Coronel da Pol\u00edcia Militar pelo estado do Mato Grosso, o atual secret\u00e1rio executivo do Minist\u00e9rio da Agricultura, Pecu\u00e1ria e Abastecimento (Mapa), Eumar Roberto Novacki, assumir\u00e1 o comando da Casa Civil do Distrito Federal a partir do pr\u00f3ximo ano. O paranaense foi escolhido pelo governador eleito, Ibaneis Rocha (MDB), e, em coletiva concedida na tarde desta segunda-feira (19\/11), enfatizou que defender\u00e1 pr\u00e1ticas firmes na \u00e1rea de seguran\u00e7a p\u00fablica e contra a corrup\u00e7\u00e3o.<\/p>\n<p>&nbsp;<\/p>\n<p dir=\"ltr\">\u201cO secret\u00e1rio de seguran\u00e7a da futura gest\u00e3o (delegado da Pol\u00edcia Federal Anderson Torres) esteve comigo, conversamos longamente sobre como vamos operacionalizar isso e vamos discutir com as institui\u00e7\u00f5es. O que est\u00e1 claro \u00e9 que bandido ser\u00e1 tratado como bandido. N\u00e3o vamos retroceder em nenhum momento, faremos um combate muito forte e duro contra aqueles que quiserem trazer o caos para o DF\u201d, declarou Novacki.<\/p>\n<p>&nbsp;<\/p>\n<p dir=\"ltr\">Ele ainda comentou que Ibaneis determinou a cria\u00e7\u00e3o de um conselho de seguran\u00e7a com reuni\u00f5es semanais e que haver\u00e1 trabalhos na \u00e1rea de intelig\u00eancia para evitar o crime organizado. \u201cQueremos levar seguran\u00e7a para as regionais mais distantes, mas n\u00e3o vamos entrar em detalhes, pois s\u00e3o pol\u00edticas que ainda estamos discutindo para come\u00e7armos a implementar em janeiro&#8221;, ressaltou.<\/p>\n<p>&nbsp;<\/p>\n<p dir=\"ltr\">Economia<\/p>\n<p>&nbsp;<\/p>\n<p dir=\"ltr\">De perfil t\u00e9cnico e contr\u00e1rio \u00e0 burocratiza\u00e7\u00e3o, Eumar Novacki substituir\u00e1 o brasiliense S\u00e9rgio Sampaio, que assumiu a chefia da Casa Civil em junho de 2015. Ele espera auxiliar no desenvolvimento de estrat\u00e9gias para facilitar a articula\u00e7\u00e3o com a C\u00e2mara Legislativa e com os servidores p\u00fablicos, al\u00e9m de estimular o crescimento econ\u00f4mico do DF. Antes de se tornar secret\u00e1rio executivo no Mapa, o paranaense assumiu a Secretaria da Casa Civil do Mato Grosso de 2003 a 2010, durante o governo de Blairo Maggi, atual ministro da Agricultura.<\/p>\n<p>&nbsp;<\/p>\n<p dir=\"ltr\">Sem a\u00e7\u00f5es definidas para os primeiros dias \u00e0 frente do cargo no DF, Novacki afirma que propostas na \u00e1rea da economia est\u00e3o em fase de discuss\u00e3o. \u201cQuando falei com Ibaneis, passamos por pontos nevr\u00e1lgicos para a administra\u00e7\u00e3o do DF. Entre eles, a recomposi\u00e7\u00e3o salarial dos servidores p\u00fablicos. Para honr\u00e1-la, precisamos ter as contas p\u00fablicas em dia. Ent\u00e3o, faremos todo o esfor\u00e7o nesse sentido\u201d, destacou. Segundo o futuro secret\u00e1rio, o prazo para pagamento da terceira parcela dos servidores ainda passa por an\u00e1lise.<\/p>\n<p>&nbsp;<\/p>\n<p dir=\"ltr\">Ele tamb\u00e9m conta que pretende buscar alternativas para a cria\u00e7\u00e3o de zonas de desenvolvimento tecnol\u00f3gico e comerciais, al\u00e9m de pol\u00edticas para atra\u00e7\u00e3o de ind\u00fastrias, aquecimento do setor da constru\u00e7\u00e3o civil e investimento na produ\u00e7\u00e3o rural. \u201cEstamos trabalhando uma forma de alavancar a economia, gerar empregos e fazer com que ela cres\u00e7a para que, assim, possamos garantir recursos necess\u00e1rios para honrar n\u00e3o s\u00f3 a recomposi\u00e7\u00e3o salarial dos servidores, como tamb\u00e9m todos os outros compromissos feitos ao longo da campanha\u201d, disse Eumar Novacki.<\/p>\n<p>&nbsp;<\/p>\n<p dir=\"ltr\">Corrup\u00e7\u00e3o<\/p>\n<p>&nbsp;<\/p>\n<p dir=\"ltr\">No que diz respeito \u00e0 composi\u00e7\u00e3o das administra\u00e7\u00f5es das cidades, fiscalizada pela Secretaria da Casa Civil, o secret\u00e1rio conta que n\u00e3o v\u00ea viabilidade operacional para a cria\u00e7\u00e3o imediata de uma lista tr\u00edplice com poss\u00edveis candidatos a administradores, como havia sido prometido por Ibaneis durante a campanha. \u201cSe n\u00e3o conseguirmos realizar isso durante um primeiro momento, a ideia \u00e9 de que a proposta seja encaminhada da forma mais democr\u00e1tica e transparente poss\u00edvel at\u00e9 o fim da gest\u00e3o\u201d, comentou.<\/p>\n<p dir=\"ltr\">\n<p dir=\"ltr\">Novacki ainda afirmou que pretende trazer para o Distrito Federal as experi\u00eancias de combate \u00e0 corrup\u00e7\u00e3o, por meio de um programa de compliance, e de desburocratiza\u00e7\u00e3o aplicadas no Minist\u00e9rio da Agricultura. \u201cTrata-se de um grande projeto com foco na corrup\u00e7\u00e3o. Na administra\u00e7\u00e3o, faremos um trabalho forte para combat\u00ea-la, al\u00e9m de desvios de conduta.\u201d Uma das propostas, de acordo com o secret\u00e1rio, \u00e9 de que os pr\u00f3prios cidad\u00e3os e servidores possam atuar em conjunto com o objetivo de monitorar e combater a\u00e7\u00f5es irregulares no setor p\u00fablico.<\/p>\n<p dir=\"ltr\">\n","protected":false},"excerpt":{"rendered":"<p>J\u00c9SSICA EUFR\u00c1SIO Coronel da Pol\u00edcia Militar pelo estado do Mato Grosso, o atual secret\u00e1rio executivo do Minist\u00e9rio da Agricultura, Pecu\u00e1ria e Abastecimento (Mapa), Eumar Roberto Novacki, assumir\u00e1 o comando da Casa Civil do Distrito Federal a partir do pr\u00f3ximo ano. O paranaense foi escolhido pelo governador eleito, Ibaneis Rocha (MDB), e, em coletiva concedida na tarde desta segunda-feira (19\/11), enfatizou [&hellip;]<\/p>\n","protected":false},"author":9,"featured_media":13521,"comment_status":"open","ping_status":"closed","sticky":false,"template":"","format":"standard","meta":{"footnotes":""},"categories":[234],"tags":[1197,1565],"class_list":["post-13520","post","type-post","status-publish","format-standard","has-post-thumbnail","hentry","category-cb-poder","tag-casa-civil","tag-eumar-novacki"],"_links":{"self":[{"href":"https:\/\/blogs.correiobraziliense.com.br\/cbpoder\/wp-json\/wp\/v2\/posts\/13520","targetHints":{"allow":["GET"]}}],"collection":[{"href":"https:\/\/blogs.correiobraziliense.com.br\/cbpoder\/wp-json\/wp\/v2\/posts"}],"about":[{"href":"https:\/\/blogs.correiobraziliense.com.br\/cbpoder\/wp-json\/wp\/v2\/types\/post"}],"author":[{"embeddable":true,"href":"https:\/\/blogs.correiobraziliense.com.br\/cbpoder\/wp-json\/wp\/v2\/users\/9"}],"replies":[{"embeddable":true,"href":"https:\/\/blogs.correiobraziliense.com.br\/cbpoder\/wp-json\/wp\/v2\/comments?post=13520"}],"version-history":[{"count":1,"href":"https:\/\/blogs.correiobraziliense.com.br\/cbpoder\/wp-json\/wp\/v2\/posts\/13520\/revisions"}],"predecessor-version":[{"id":13522,"href":"https:\/\/blogs.correiobraziliense.com.br\/cbpoder\/wp-json\/wp\/v2\/posts\/13520\/revisions\/13522"}],"wp:featuredmedia":[{"embeddable":true,"href":"https:\/\/blogs.correiobraziliense.com.br\/cbpoder\/wp-json\/wp\/v2\/media\/13521"}],"wp:attachment":[{"href":"https:\/\/blogs.correiobraziliense.com.br\/cbpoder\/wp-json\/wp\/v2\/media?parent=13520"}],"wp:term":[{"taxonomy":"category","embeddable":true,"href":"https:\/\/blogs.correiobraziliense.com.br\/cbpoder\/wp-json\/wp\/v2\/categories?post=13520"},{"taxonomy":"post_tag","embeddable":true,"href":"https:\/\/blogs.correiobraziliense.com.br\/cbpoder\/wp-json\/wp\/v2\/tags?post=13520"}],"curies":[{"name":"wp","href":"https:\/\/api.w.org\/{rel}","templated":true}]}}