{"id":13510,"date":"2018-11-19T17:41:34","date_gmt":"2018-11-19T19:41:34","guid":{"rendered":"https:\/\/blogs.correiobraziliense.com.br\/cbpoder\/?p=13510"},"modified":"2018-11-19T18:14:55","modified_gmt":"2018-11-19T20:14:55","slug":"na-equipe-de-transicao-de-ibaneis-frejat-diz-ser-contra-formato-de-gestao-do-hospital-de-base","status":"publish","type":"post","link":"https:\/\/blogs.correiobraziliense.com.br\/cbpoder\/na-equipe-de-transicao-de-ibaneis-frejat-diz-ser-contra-formato-de-gestao-do-hospital-de-base\/","title":{"rendered":"Na equipe de transi\u00e7\u00e3o de Ibaneis, Frejat diz ser contra formato de gest\u00e3o do Hospital de Base"},"content":{"rendered":"<p>O n\u00facleo da equipe de transi\u00e7\u00e3o do governador eleito Ibaneis Rocha (MDB) respons\u00e1vel pela \u00e1rea da sa\u00fade reuniu-se oficialmente, nesta segunda-feira (19\/11), pela primeira vez. Entre os 14 integrantes do grupo, que realizar\u00e1 um raio-x do setor para tra\u00e7ar o plano de a\u00e7\u00e3o da nova gest\u00e3o, est\u00e1 o ex-secret\u00e1rio de Sa\u00fade Jofran Frejat (PR). Titular da pasta por quatro vezes, ele disse ser contr\u00e1rio ao rec\u00e9m-implementado modelo de gest\u00e3o do Instituto Hospital de Base e elencou, como prioridades, o fortalecimento da aten\u00e7\u00e3o prim\u00e1ria e policl\u00ednicas.<\/p>\n<p>&nbsp;<\/p>\n<p>Para Frejat, n\u00e3o deve prosperar a administra\u00e7\u00e3o do centro m\u00e9dico como servi\u00e7o social aut\u00f4nomo. \u201cQuando voc\u00ea coloca estatut\u00e1rio e celetista, um com uma carga hor\u00e1ria e um com outra, um com um sal\u00e1rio e um com outro; n\u00e3o pode dar certo. Isso aconteceu, no passado, com o Sa\u00fade em Casa, quando colocaram o pessoal com sal\u00e1rios e hor\u00e1rios diferentes: deu problema\u201d, lembrou.<\/p>\n<p>&nbsp;<\/p>\n<p>De acordo com o ex-secret\u00e1rio de Sa\u00fade, h\u00e1 outras formas de otimizar a gest\u00e3o do hospital sem usar o modelo, que sofre questionamentos jur\u00eddicos. \u201cA facilidade \u00e9 de contratar pessoas sem concurso p\u00fablico e comprar com dispensa de licita\u00e7\u00e3o. Mas h\u00e1 tantos outros mecanismos para fazer isso. Conversa com o Tribunal, com outros setores, que d\u00e1 para fazer. J\u00e1 se fez no passado\u201d, pontuou.<\/p>\n<p>&nbsp;<\/p>\n<p>O ex-deputado federal acrescentou que atuar\u00e1 como \u201cuma mem\u00f3ria\u201d no n\u00facleo de sa\u00fade da transi\u00e7\u00e3o. \u201cO papel ser\u00e1 de ajudar no sentido de mostrar o que a gente fez, como fizemos, como criamos os centros de sa\u00fade, os hospitais regionais, laborat\u00f3rios e etc\u201d, adiantou.<\/p>\n<p>&nbsp;<\/p>\n<p>Frejat apontou, como prioridades para a pr\u00f3xima gest\u00e3o, a intensifica\u00e7\u00e3o da aten\u00e7\u00e3o prim\u00e1ria e o fortalecimento de hospitais a fim de melhorar os atendimentos secund\u00e1rio e terci\u00e1rio, al\u00e9m das policl\u00ednicas. \u201cA rede n\u00e3o cresceu mais. Quantos hospitais e centros de sa\u00fade foram feitos desde que sa\u00ed da secretaria? Parou no tempo\u201d, frisou.<\/p>\n<p>&nbsp;<\/p>\n<p><strong>Informa\u00e7\u00f5es requisitadas<\/strong><\/p>\n<p>Coordenador da transi\u00e7\u00e3o, o vice-governador eleito Paco Britto (Avante) afirmou que, na primeira reuni\u00e3o, houve somente a apresenta\u00e7\u00e3o dos integrantes do grupo e da metodologia de trabalho. \u201cEles, agora, v\u00e3o fazer a integra\u00e7\u00e3o dos subgrupos para chegarmos ao diagn\u00f3stico e, posteriormente, tra\u00e7armos as metas e adequarmos nosso plano de governo\u201d, explicou. O n\u00famero dois do Pal\u00e1cio do Buriti acrescentou que a equipe aguarda as informa\u00e7\u00f5es requisitadas \u00e0 Secretaria de Sa\u00fade.<\/p>\n<p>&nbsp;<\/p>\n<p>Entre os nomes que comp\u00f5em o n\u00facleo est\u00e3o o secret\u00e1rio-executivo do Minist\u00e9rio da Sa\u00fade, Ade\u00edlson Loureiro Cavalcante; a superintendente do Instituto de Cardiologia do DF (ICDF), N\u00fabia Welerson Vieira; e o distrital eleito Jorge Vianna (Podemos).<\/p>\n<p>&nbsp;<\/p>\n<p>Ibaneis Rocha ainda n\u00e3o bateu o martelo sobre o secret\u00e1rio de Sa\u00fade da gest\u00e3o. Entretanto, interlocutores da equipe garantem que h\u00e1 tr\u00eas nomes em an\u00e1lise. Apesar de participar do n\u00facleo da transi\u00e7\u00e3o, Jofran Frejat disse \u201cn\u00e3o ter a pretens\u00e3o de assumir cargos no governo&#8221;.<\/p>\n","protected":false},"excerpt":{"rendered":"<p>O n\u00facleo da equipe de transi\u00e7\u00e3o do governador eleito Ibaneis Rocha (MDB) respons\u00e1vel pela \u00e1rea da sa\u00fade reuniu-se oficialmente, nesta segunda-feira (19\/11), pela primeira vez. Entre os 14 integrantes do grupo, que realizar\u00e1 um raio-x do setor para tra\u00e7ar o plano de a\u00e7\u00e3o da nova gest\u00e3o, est\u00e1 o ex-secret\u00e1rio de Sa\u00fade Jofran Frejat (PR). Titular da pasta por quatro vezes, [&hellip;]<\/p>\n","protected":false},"author":90,"featured_media":13511,"comment_status":"open","ping_status":"closed","sticky":false,"template":"","format":"standard","meta":{"footnotes":""},"categories":[234],"tags":[],"class_list":["post-13510","post","type-post","status-publish","format-standard","has-post-thumbnail","hentry","category-cb-poder"],"_links":{"self":[{"href":"https:\/\/blogs.correiobraziliense.com.br\/cbpoder\/wp-json\/wp\/v2\/posts\/13510","targetHints":{"allow":["GET"]}}],"collection":[{"href":"https:\/\/blogs.correiobraziliense.com.br\/cbpoder\/wp-json\/wp\/v2\/posts"}],"about":[{"href":"https:\/\/blogs.correiobraziliense.com.br\/cbpoder\/wp-json\/wp\/v2\/types\/post"}],"author":[{"embeddable":true,"href":"https:\/\/blogs.correiobraziliense.com.br\/cbpoder\/wp-json\/wp\/v2\/users\/90"}],"replies":[{"embeddable":true,"href":"https:\/\/blogs.correiobraziliense.com.br\/cbpoder\/wp-json\/wp\/v2\/comments?post=13510"}],"version-history":[{"count":2,"href":"https:\/\/blogs.correiobraziliense.com.br\/cbpoder\/wp-json\/wp\/v2\/posts\/13510\/revisions"}],"predecessor-version":[{"id":13514,"href":"https:\/\/blogs.correiobraziliense.com.br\/cbpoder\/wp-json\/wp\/v2\/posts\/13510\/revisions\/13514"}],"wp:featuredmedia":[{"embeddable":true,"href":"https:\/\/blogs.correiobraziliense.com.br\/cbpoder\/wp-json\/wp\/v2\/media\/13511"}],"wp:attachment":[{"href":"https:\/\/blogs.correiobraziliense.com.br\/cbpoder\/wp-json\/wp\/v2\/media?parent=13510"}],"wp:term":[{"taxonomy":"category","embeddable":true,"href":"https:\/\/blogs.correiobraziliense.com.br\/cbpoder\/wp-json\/wp\/v2\/categories?post=13510"},{"taxonomy":"post_tag","embeddable":true,"href":"https:\/\/blogs.correiobraziliense.com.br\/cbpoder\/wp-json\/wp\/v2\/tags?post=13510"}],"curies":[{"name":"wp","href":"https:\/\/api.w.org\/{rel}","templated":true}]}}