{"id":13454,"date":"2018-11-09T20:05:40","date_gmt":"2018-11-09T22:05:40","guid":{"rendered":"https:\/\/blogs.correiobraziliense.com.br\/cbpoder\/?p=13454"},"modified":"2018-11-09T20:05:40","modified_gmt":"2018-11-09T22:05:40","slug":"futuro-secretario-de-seguranca-quer-investir-na-ressocializacao-nao-adianta-apenas-prender","status":"publish","type":"post","link":"https:\/\/blogs.correiobraziliense.com.br\/cbpoder\/futuro-secretario-de-seguranca-quer-investir-na-ressocializacao-nao-adianta-apenas-prender\/","title":{"rendered":"Futuro secret\u00e1rio de Seguran\u00e7a quer investir na ressocializa\u00e7\u00e3o: \u201cn\u00e3o adianta apenas prender\u201d"},"content":{"rendered":"<p><strong>PEDRO GRIGORI<\/strong><\/p>\n<p>&nbsp;<\/p>\n<p><span style=\"font-weight: 400\">A ressocializa\u00e7\u00e3o ser\u00e1 uma das pautas priorit\u00e1rias da gest\u00e3o do secret\u00e1rio de Seguran\u00e7a P\u00fablica da gest\u00e3o de Ibaneis Rocha (MDB), o delegado federal Anderson Gustavo Torres. Em concord\u00e2ncia com o emedebista, o futuro l\u00edder das for\u00e7as de seguran\u00e7a do DF afirma que respeitar os direitos humanos \u00e9 uma \u201cobriga\u00e7\u00e3o legal\u201d.<\/span><\/p>\n<p>&nbsp;<\/p>\n<blockquote><p><span style=\"font-weight: 400\">Em coletiva de imprensa no Centro Internacional de Conven\u00e7\u00f5es de Bras\u00edlia (CICB), onde ocorrem as reuni\u00f5es da equipe de transi\u00e7\u00e3o, o policial federal afirmou ser contr\u00e1rio \u00e0 proibi\u00e7\u00e3o do said\u00e3o. \u201cEstou muito preocupado com a ressocializa\u00e7\u00e3o dos presos. N\u00e3o adianta apenas prender. Precisamos saber o que fazer com essas pessoas ao sair do sistema (prisional)\u201d, explicou. Para isso, o futuro secret\u00e1rio quer fortalecer a Funda\u00e7\u00e3o de Amparo ao Trabalhador Preso (Funap).<\/span><\/p><\/blockquote>\n<p>&nbsp;<\/p>\n<p><span style=\"font-weight: 400\">Anderson recebeu convite para integrar a equipe de Ibaneis na ter\u00e7a-feira (6\/11) e diz ter sido pego de surpresa. \u201cSou brasiliense nascido e criado aqui. O tamanho da alegria \u00e9 o tamanho da responsabilidade\u201d. Uma das prioridades do policial federal ser\u00e1 \u201cmelhorar a vida do cidad\u00e3o de Bras\u00edlia e aumentar a sensa\u00e7\u00e3o de seguran\u00e7a\u201d.<\/span><\/p>\n<p>&nbsp;<\/p>\n<p><span style=\"font-weight: 400\">At\u00e9 ent\u00e3o, o futuro secret\u00e1rio trabalhava como chefe de gabinete do deputado federal Fernando Francischini (PSL\/PR), ligado ao futuro presidente Jair Bolsonaro (PSL). Ele tamb\u00e9m atuou na Diretoria de Combate ao Crime Organizado da Pol\u00edcia Federal, vinculada \u00e0 PF de Curitiba e ao futuro Ministro da Justi\u00e7a, S\u00e9rgio Moro. O futuro chefe da Seguran\u00e7a garante conhecer e admirar Bolsonaro e Moro, mas ressalta que mant\u00e9m uma rela\u00e7\u00e3o apenas profissional com os dois.<\/span><\/p>\n<p>&nbsp;<\/p>\n<h2><b>Reabrir delegacias<\/b><\/h2>\n<p>&nbsp;<\/p>\n<p><span style=\"font-weight: 400\">Uma das principais promessas de campanha de Ibaneis Rocha \u00e9 a reabertura em tempo integral das delegacias de pol\u00edcia do DF. At\u00e9 o momento, Anderson garante n\u00e3o ter uma data certa para cumpri-la. \u201cAinda n\u00e3o tenho os dados em m\u00e3os. Vou come\u00e7ar a andar pela Secret\u00e1ria e pela PM e Pol\u00edcia Civil. Mas nossa ideia \u00e9 fazer isso (reabertura das delegacias) o mais r\u00e1pido poss\u00edvel\u201d.<\/span><\/p>\n<p>&nbsp;<\/p>\n<p><span style=\"font-weight: 400\">O futuro secret\u00e1rio tamb\u00e9m reafirmou compromisso de Ibaneis de inaugurar novas unidades da Delegacia Especial de Repress\u00e3o aos Crimes por Discrimina\u00e7\u00e3o Racial, Religiosa ou por Orienta\u00e7\u00e3o Sexual ou Contra a Pessoa Idosa ou com Defici\u00eancia (Decrin). \u201cO governador se comprometeu e n\u00f3s vamos tentar viabilizar isso. Abrir o que foi fechado e proporcionar \u00e0 popula\u00e7\u00e3o do DF a seguran\u00e7a que ela merece\u201d.<\/span><\/p>\n<p>&nbsp;<\/p>\n<p><span style=\"font-weight: 400\">Al\u00e9m do nome de Anderson, Ibaneis definiu nas \u00faltimas semanas a futura comandante da Pol\u00edcia Militar do Distrito Federal (PMDF), coronel Sheyla Soares Sampaio, e o pr\u00f3ximo diretor-geral da PCDF, delegado Robson C\u00e2ndido.<\/span><\/p>\n<p>&nbsp;<\/p>\n<p><span style=\"font-weight: 400\">Nos pr\u00f3ximos dias devem ser divulgados tamb\u00e9m os nomes das demais chefias de seguran\u00e7a &#8211; Corpo de Bombeiros e do Departamento de Tr\u00e2nsito do Distrito Federal (Detran-DF). \u201cEssas decis\u00f5es t\u00eam sido colegiadas. Os melhores est\u00e3o sendo escolhidos\u201d, acrescenta o futuro secret\u00e1rio de Seguran\u00e7a.<\/span><\/p>\n","protected":false},"excerpt":{"rendered":"<p>PEDRO GRIGORI &nbsp; A ressocializa\u00e7\u00e3o ser\u00e1 uma das pautas priorit\u00e1rias da gest\u00e3o do secret\u00e1rio de Seguran\u00e7a P\u00fablica da gest\u00e3o de Ibaneis Rocha (MDB), o delegado federal Anderson Gustavo Torres. Em concord\u00e2ncia com o emedebista, o futuro l\u00edder das for\u00e7as de seguran\u00e7a do DF afirma que respeitar os direitos humanos \u00e9 uma \u201cobriga\u00e7\u00e3o legal\u201d. &nbsp; Em coletiva de imprensa no Centro [&hellip;]<\/p>\n","protected":false},"author":90,"featured_media":0,"comment_status":"open","ping_status":"closed","sticky":false,"template":"","format":"standard","meta":{"footnotes":""},"categories":[234],"tags":[1558,917,1554],"class_list":["post-13454","post","type-post","status-publish","format-standard","hentry","category-cb-poder","tag-anderson-torres","tag-ibaneis-rocha","tag-secretario-de-seguranca"],"_links":{"self":[{"href":"https:\/\/blogs.correiobraziliense.com.br\/cbpoder\/wp-json\/wp\/v2\/posts\/13454","targetHints":{"allow":["GET"]}}],"collection":[{"href":"https:\/\/blogs.correiobraziliense.com.br\/cbpoder\/wp-json\/wp\/v2\/posts"}],"about":[{"href":"https:\/\/blogs.correiobraziliense.com.br\/cbpoder\/wp-json\/wp\/v2\/types\/post"}],"author":[{"embeddable":true,"href":"https:\/\/blogs.correiobraziliense.com.br\/cbpoder\/wp-json\/wp\/v2\/users\/90"}],"replies":[{"embeddable":true,"href":"https:\/\/blogs.correiobraziliense.com.br\/cbpoder\/wp-json\/wp\/v2\/comments?post=13454"}],"version-history":[{"count":1,"href":"https:\/\/blogs.correiobraziliense.com.br\/cbpoder\/wp-json\/wp\/v2\/posts\/13454\/revisions"}],"predecessor-version":[{"id":13456,"href":"https:\/\/blogs.correiobraziliense.com.br\/cbpoder\/wp-json\/wp\/v2\/posts\/13454\/revisions\/13456"}],"wp:attachment":[{"href":"https:\/\/blogs.correiobraziliense.com.br\/cbpoder\/wp-json\/wp\/v2\/media?parent=13454"}],"wp:term":[{"taxonomy":"category","embeddable":true,"href":"https:\/\/blogs.correiobraziliense.com.br\/cbpoder\/wp-json\/wp\/v2\/categories?post=13454"},{"taxonomy":"post_tag","embeddable":true,"href":"https:\/\/blogs.correiobraziliense.com.br\/cbpoder\/wp-json\/wp\/v2\/tags?post=13454"}],"curies":[{"name":"wp","href":"https:\/\/api.w.org\/{rel}","templated":true}]}}