{"id":13433,"date":"2018-11-07T20:43:56","date_gmt":"2018-11-07T22:43:56","guid":{"rendered":"https:\/\/blogs.correiobraziliense.com.br\/cbpoder\/?p=13433"},"modified":"2018-11-07T21:25:01","modified_gmt":"2018-11-07T23:25:01","slug":"delegado-da-pf-ligado-a-bolsonaro-e-escolhido-secretario-de-seguranca-da-gestao-ibaneis","status":"publish","type":"post","link":"https:\/\/blogs.correiobraziliense.com.br\/cbpoder\/delegado-da-pf-ligado-a-bolsonaro-e-escolhido-secretario-de-seguranca-da-gestao-ibaneis\/","title":{"rendered":"Delegado da PF ligado a Bolsonaro \u00e9 escolhido secret\u00e1rio de Seguran\u00e7a da gest\u00e3o Ibaneis"},"content":{"rendered":"<p><span style=\"font-weight: 400\">O delegado da Pol\u00edcia Federal Anderson Gustavo Torres ser\u00e1 o secret\u00e1rio de Seguran\u00e7a P\u00fablica e Paz Social do Distrito Federal na gest\u00e3o do governador eleito Ibaneis Rocha (MDB), conforme anunciou, nesta quarta-feira (07\/11), o emedebista. O escolhido atua, hoje, como chefe de gabinete do deputado federal <\/span><span style=\"font-weight: 400\">Fernando Francischini (PSL-PR), ligado ao futuro presidente da Rep\u00fablica Jair Bolsonaro (PSL).<\/span><\/p>\n<p>&nbsp;<\/p>\n<p><span style=\"font-weight: 400\">O rec\u00e9m-anunciado titular da pasta passou pela Pol\u00edcia Civil do Distrito Federal e, de acordo com o futuro chefe do Buriti, tem bom tr\u00e2nsito na corpora\u00e7\u00e3o. O nome dele foi apresentado a Ibaneis, nesta ter\u00e7a-feira (06), durante uma visita de <\/span><span style=\"font-weight: 400\">Francischini. \u201cEle n\u00e3o disse que seria uma indica\u00e7\u00e3o de Bolsonaro, mas classificou algu\u00e9m que o agradaria. Como ele \u00e9 homem de confian\u00e7a do futuro presidente, entendi o recado. Anderson tem um \u00f3timo curr\u00edculo e re\u00fane todas as qualidades para assumir a secretaria\u201d, alegou o governador eleito ao <\/span><b>Correio<\/b><span style=\"font-weight: 400\">. <\/span><\/p>\n<p>&nbsp;<\/p>\n<p><span style=\"font-weight: 400\">Ibaneis realizou o convite ao futuro secret\u00e1rio na manh\u00e3 desta quarta-feira, antes de um almo\u00e7o com o presidente e correligion\u00e1rio, Michel Temer (MDB). H\u00e1 cerca de 40 minutos, recebeu a confirma\u00e7\u00e3o do delegado da Pol\u00edcia Federal. <\/span><\/p>\n<p>&nbsp;<\/p>\n<p><span style=\"font-weight: 400\">O emedebista anunciou, ainda, a pr\u00f3xima comandante-geral da Pol\u00edcia Militar: trata-se da coronel Sheyla Sampaio. Ela foi a primeira mulher a comandar um batalh\u00e3o operacional, o 1\u00ba Batalh\u00e3o da Pol\u00edcia Militar do Distrito Federal (1\u00b0 BPM-DF). O comando do Corpo de Bombeiros deve ser anunciado na pr\u00f3xima semana. <\/span><\/p>\n<p>&nbsp;<\/p>\n<p><b>Confian\u00e7a de Bolsonaro e Moro<\/b><\/p>\n<p>&nbsp;<\/p>\n<p><span style=\"font-weight: 400\">Pela manh\u00e3, enquanto ainda mantinha o nome do secret\u00e1rio de Seguran\u00e7a sob sigilo, Ibaneis havia alegado que ele <\/span><span style=\"font-weight: 400\">det\u00e9m \u201cextrema confian\u00e7a\u201d do futuro presidente Jair Bolsonaro e de S\u00e9rgio Moro, rec\u00e9m-anunciado Ministro de Justi\u00e7a.<\/span><\/p>\n<p>&nbsp;<\/p>\n<p><span style=\"font-weight: 400\">Naquele momento, Ibaneis adiantou que o nome mora em Bras\u00edlia e \u201cacompanha Bolsonaro h\u00e1 muito tempo\u201d. \u201cEste alinhamento \u00e9 muito importante, porque, no DF, o secret\u00e1rio tem dupla fun\u00e7\u00e3o: garantir a seguran\u00e7a de autoridades e da popula\u00e7\u00e3o\u201d, pontuou o governador eleito. E completou: \u201cAl\u00e9m disso, temos not\u00edcia de fac\u00e7\u00f5es criminosas que tentam se instalar aqui. Ou seja, \u00e9 necess\u00e1ria a integra\u00e7\u00e3o com o Minist\u00e9rio da Justi\u00e7a e a Presid\u00eancia\u201d. <\/span><\/p>\n<p>&nbsp;<\/p>\n<p><span style=\"font-weight: 400\">O emedebista frisara que, antes de realizar o an\u00fancio oficial, precisa conversar com o escolhido sobre \u201cajustes de pensamento\u201d. \u201cVenho de uma \u00e1rea humanit\u00e1ria. Sou ex-presidente da Ordem dos Advogados do Brasil no DF (OAB-DF) e dirigente do Conselho Federal da entidade. Algumas coisas s\u00e3o sens\u00edveis para mim. Por exemplo, sou contr\u00e1rio \u00e0 proibi\u00e7\u00e3o do said\u00e3o. Temos que aperfei\u00e7o\u00e1-lo por meio do uso de tornozeleiras. Temos de aperfei\u00e7oar tamb\u00e9m o sistema prisional, dando condi\u00e7\u00f5es de trabalho e educa\u00e7\u00e3o\u201d, argumentou.<\/span><\/p>\n","protected":false},"excerpt":{"rendered":"<p>O delegado da Pol\u00edcia Federal Anderson Gustavo Torres ser\u00e1 o secret\u00e1rio de Seguran\u00e7a P\u00fablica e Paz Social do Distrito Federal na gest\u00e3o do governador eleito Ibaneis Rocha (MDB), conforme anunciou, nesta quarta-feira (07\/11), o emedebista. O escolhido atua, hoje, como chefe de gabinete do deputado federal Fernando Francischini (PSL-PR), ligado ao futuro presidente da Rep\u00fablica Jair Bolsonaro (PSL). &nbsp; O [&hellip;]<\/p>\n","protected":false},"author":90,"featured_media":13434,"comment_status":"open","ping_status":"closed","sticky":false,"template":"","format":"standard","meta":{"footnotes":""},"categories":[234],"tags":[102,343,1554],"class_list":["post-13433","post","type-post","status-publish","format-standard","has-post-thumbnail","hentry","category-cb-poder","tag-policia-civil","tag-policia-federal","tag-secretario-de-seguranca"],"_links":{"self":[{"href":"https:\/\/blogs.correiobraziliense.com.br\/cbpoder\/wp-json\/wp\/v2\/posts\/13433","targetHints":{"allow":["GET"]}}],"collection":[{"href":"https:\/\/blogs.correiobraziliense.com.br\/cbpoder\/wp-json\/wp\/v2\/posts"}],"about":[{"href":"https:\/\/blogs.correiobraziliense.com.br\/cbpoder\/wp-json\/wp\/v2\/types\/post"}],"author":[{"embeddable":true,"href":"https:\/\/blogs.correiobraziliense.com.br\/cbpoder\/wp-json\/wp\/v2\/users\/90"}],"replies":[{"embeddable":true,"href":"https:\/\/blogs.correiobraziliense.com.br\/cbpoder\/wp-json\/wp\/v2\/comments?post=13433"}],"version-history":[{"count":3,"href":"https:\/\/blogs.correiobraziliense.com.br\/cbpoder\/wp-json\/wp\/v2\/posts\/13433\/revisions"}],"predecessor-version":[{"id":13440,"href":"https:\/\/blogs.correiobraziliense.com.br\/cbpoder\/wp-json\/wp\/v2\/posts\/13433\/revisions\/13440"}],"wp:featuredmedia":[{"embeddable":true,"href":"https:\/\/blogs.correiobraziliense.com.br\/cbpoder\/wp-json\/wp\/v2\/media\/13434"}],"wp:attachment":[{"href":"https:\/\/blogs.correiobraziliense.com.br\/cbpoder\/wp-json\/wp\/v2\/media?parent=13433"}],"wp:term":[{"taxonomy":"category","embeddable":true,"href":"https:\/\/blogs.correiobraziliense.com.br\/cbpoder\/wp-json\/wp\/v2\/categories?post=13433"},{"taxonomy":"post_tag","embeddable":true,"href":"https:\/\/blogs.correiobraziliense.com.br\/cbpoder\/wp-json\/wp\/v2\/tags?post=13433"}],"curies":[{"name":"wp","href":"https:\/\/api.w.org\/{rel}","templated":true}]}}