{"id":13332,"date":"2018-10-29T21:29:52","date_gmt":"2018-10-29T23:29:52","guid":{"rendered":"https:\/\/blogs.correiobraziliense.com.br\/cbpoder\/?p=13332"},"modified":"2018-10-29T21:29:52","modified_gmt":"2018-10-29T23:29:52","slug":"delegados-vao-eleger-nesta-quarta-feira-lista-triplice-para-direcao-geral-da-policia-civil","status":"publish","type":"post","link":"https:\/\/blogs.correiobraziliense.com.br\/cbpoder\/delegados-vao-eleger-nesta-quarta-feira-lista-triplice-para-direcao-geral-da-policia-civil\/","title":{"rendered":"Delegados v\u00e3o eleger nesta quarta-feira lista tr\u00edplice para dire\u00e7\u00e3o-geral da Pol\u00edcia Civil"},"content":{"rendered":"<p>ANA MARIA CAMPOS<\/p>\n<p>Em assembleia nesta tarde (29\/10), delegados definiram o calend\u00e1rio para a elei\u00e7\u00e3o da lista tr\u00edplice que ser\u00e1 encaminhada ao governador eleito Ibaneis Rocha (MDB) com indica\u00e7\u00f5es para a dire\u00e7\u00e3o-geral da Pol\u00edcia Civil do Distrito Federal. Quem quiser concorrer deve se candidatar at\u00e9 amanh\u00e3 (30;10) e a vota\u00e7\u00e3o ocorrer\u00e1 quarta-feira (31\/10), das 9h \u00e0s 19h, no Clube da Adepol.<\/p>\n<p>At\u00e9 agora, 10 delegados se colocaram na disputa. S\u00e3o eles:<\/p>\n<p>Victor Dan (23\u00aa DP\/Ceil\u00e2ndia)<\/p>\n<p>Maur\u00edlio Rocha (6\u00aa DP\/Parano\u00e1)<\/p>\n<p>Gilberto Maranh\u00e3o (SSP)<\/p>\n<p>La\u00e9rcio Rossetto (2\u00aa DP\/Asa Norte)<\/p>\n<p>Fernando Cocito (12\u00aa DP\/Taguatinga)<\/p>\n<p>S\u00e9rgio Bautzer (27\u00aa DP\/Recanto das Emas)<\/p>\n<p>Robson C\u00e2ndido (11\u00aa DP\/N\u00facleo Bandeirante)<\/p>\n<p>Anderson Esp\u00edndola (SSP)<\/p>\n<p>Benito Tiezzi (Sindepo)<\/p>\n<p>Mois\u00e9s Martins (1\u00aa DP\/Asa Sul)<\/p>\n<p>Cada delegado poder\u00e1 votar em tr\u00eas nomes. Em seguida, a lista ser\u00e1 encaminhada a Ibaneis. O governador eleito prometeu respeitar a vontade da categoria. Mas o Sindicato dos Policiais Civis (Sinpol) tamb\u00e9m pretende eleger uma lista com indica\u00e7\u00f5es de delegados para a dire\u00e7\u00e3o-geral.<\/p>\n<p>A apura\u00e7\u00e3o dos votos ocorrer\u00e1 logo depois da vota\u00e7\u00e3o.<\/p>\n","protected":false},"excerpt":{"rendered":"<p>ANA MARIA CAMPOS Em assembleia nesta tarde (29\/10), delegados definiram o calend\u00e1rio para a elei\u00e7\u00e3o da lista tr\u00edplice que ser\u00e1 encaminhada ao governador eleito Ibaneis Rocha (MDB) com indica\u00e7\u00f5es para a dire\u00e7\u00e3o-geral da Pol\u00edcia Civil do Distrito Federal. Quem quiser concorrer deve se candidatar at\u00e9 amanh\u00e3 (30;10) e a vota\u00e7\u00e3o ocorrer\u00e1 quarta-feira (31\/10), das 9h \u00e0s 19h, no Clube da [&hellip;]<\/p>\n","protected":false},"author":9,"featured_media":0,"comment_status":"open","ping_status":"closed","sticky":false,"template":"","format":"standard","meta":{"footnotes":""},"categories":[234],"tags":[1075,407],"class_list":["post-13332","post","type-post","status-publish","format-standard","hentry","category-cb-poder","tag-lista-triplice","tag-policia-civil-do-df"],"_links":{"self":[{"href":"https:\/\/blogs.correiobraziliense.com.br\/cbpoder\/wp-json\/wp\/v2\/posts\/13332","targetHints":{"allow":["GET"]}}],"collection":[{"href":"https:\/\/blogs.correiobraziliense.com.br\/cbpoder\/wp-json\/wp\/v2\/posts"}],"about":[{"href":"https:\/\/blogs.correiobraziliense.com.br\/cbpoder\/wp-json\/wp\/v2\/types\/post"}],"author":[{"embeddable":true,"href":"https:\/\/blogs.correiobraziliense.com.br\/cbpoder\/wp-json\/wp\/v2\/users\/9"}],"replies":[{"embeddable":true,"href":"https:\/\/blogs.correiobraziliense.com.br\/cbpoder\/wp-json\/wp\/v2\/comments?post=13332"}],"version-history":[{"count":2,"href":"https:\/\/blogs.correiobraziliense.com.br\/cbpoder\/wp-json\/wp\/v2\/posts\/13332\/revisions"}],"predecessor-version":[{"id":13337,"href":"https:\/\/blogs.correiobraziliense.com.br\/cbpoder\/wp-json\/wp\/v2\/posts\/13332\/revisions\/13337"}],"wp:attachment":[{"href":"https:\/\/blogs.correiobraziliense.com.br\/cbpoder\/wp-json\/wp\/v2\/media?parent=13332"}],"wp:term":[{"taxonomy":"category","embeddable":true,"href":"https:\/\/blogs.correiobraziliense.com.br\/cbpoder\/wp-json\/wp\/v2\/categories?post=13332"},{"taxonomy":"post_tag","embeddable":true,"href":"https:\/\/blogs.correiobraziliense.com.br\/cbpoder\/wp-json\/wp\/v2\/tags?post=13332"}],"curies":[{"name":"wp","href":"https:\/\/api.w.org\/{rel}","templated":true}]}}