{"id":13318,"date":"2018-10-26T14:10:39","date_gmt":"2018-10-26T16:10:39","guid":{"rendered":"https:\/\/blogs.correiobraziliense.com.br\/cbpoder\/?p=13318"},"modified":"2018-10-26T14:10:39","modified_gmt":"2018-10-26T16:10:39","slug":"no-penultimo-dia-de-campanha-rollemberg-reforca-promessas-para-mobilidade-e-alfineta-ibaneis","status":"publish","type":"post","link":"https:\/\/blogs.correiobraziliense.com.br\/cbpoder\/no-penultimo-dia-de-campanha-rollemberg-reforca-promessas-para-mobilidade-e-alfineta-ibaneis\/","title":{"rendered":"No pen\u00faltimo dia de campanha, Rollemberg refor\u00e7a promessas para mobilidade e alfineta Ibaneis"},"content":{"rendered":"<p><span style=\"font-weight: 400\">Candidato \u00e0 reelei\u00e7\u00e3o, o governador Rodrigo Rollemberg (PSB) iniciou a agenda do pen\u00faltimo dia de campanha, nesta sexta-feira (26\/10), em Sobradinho I. Na caminhada, o socialista refor\u00e7ou promessas para o transporte p\u00fablico, como a constru\u00e7\u00e3o do BRT Norte, que ligar\u00e1 a cidade e Planaltina ao Plano Piloto, e a conclus\u00e3o das obras do Trevo de Triagem Norte (TTN) e da Liga\u00e7\u00e3o Torto-Colorado. O chefe do Executivo local ainda voltou a alfinetar o advers\u00e1rio Ibaneis Rocha (MDB) pelo cancelamento da participa\u00e7\u00e3o em debates. <\/span><\/p>\n<p>&nbsp;<\/p>\n<p><span style=\"font-weight: 400\">Acompanhado pelo candidato \u00e0 Vice-Governadoria Eduardo Brand\u00e3o (PV) e pela senadora eleita Leila do V\u00f4lei (PSB), Rollemberg promoveu o ato na Feira localizada em frente \u00e0 Rodovi\u00e1ria em constru\u00e7\u00e3o da regi\u00e3o e ressaltou a import\u00e2ncia das obras. \u201cFizemos 17 terminais no DF, sendo nove novos e oito reformados. A liga\u00e7\u00e3o deste ao BRT Norte, no futuro, est\u00e1 prevista. Com isso, as pessoas ter\u00e3o mais conforto, seguran\u00e7a e comodidade\u201d, disse. A estimativa do socialista, se reeleito, \u00e9 criar mais nove terminais de integra\u00e7\u00e3o, como o da Asa Norte, e ampliar outros dois, sob o custo de R$ 70 milh\u00f5es. <\/span><\/p>\n<p>&nbsp;<\/p>\n<blockquote><p><span style=\"font-weight: 400\">Em rela\u00e7\u00e3o \u00e0 finaliza\u00e7\u00e3o do complexo vi\u00e1rio, o governador destacou que as obras beneficiar\u00e3o cerca de 600 mil pessoas que transitam da regi\u00e3o norte ao Plano Piloto diariamente. \u201cS\u00e3o moradores de Sobradinho, Planaltina, Grande Colorado, Parano\u00e1, Varj\u00e3o e Lago Norte. Todos ganhar\u00e3o duas horas por dia, j\u00e1 que aqueles engarrafamentos enormes em hor\u00e1rios de pico v\u00e3o acabar. Ainda estamos fazendo mais duas pontes marginais \u00e0 do Bragueto e vamos criar mais tr\u00eas pistas de cada lado, melhorando muito a mobilidade da regi\u00e3o\u201d, pontuou. <\/span><\/p><\/blockquote>\n<p>&nbsp;<\/p>\n<p><span style=\"font-weight: 400\">O candidato \u00e0 reelei\u00e7\u00e3o relembrou tamb\u00e9m a promessa de ampliar o metr\u00f4, com a constru\u00e7\u00e3o de duas esta\u00e7\u00f5es em Samambaia, outras duas em Ceil\u00e2ndia e de uma na Asa Norte. Ao todo, as obras beneficiariam 1,6 milh\u00e3o de pessoas e custariam R$ 700 milh\u00f5es, provenientes da Uni\u00e3o.<\/span><\/p>\n<p>&nbsp;<\/p>\n<p><span style=\"font-weight: 400\">Entre as entregas de santinhos e conversas com os feirantes locais, Rollemberg ainda prometeu regularizar todas as feiras do Distrito Federal. \u201cGarantiremos o t\u00edtulo definitivo. Faremos como a regulamenta\u00e7\u00e3o dos condom\u00ednios, por meio da venda direta, descontando toda a valoriza\u00e7\u00e3o oriunda das benfeitorias feitas pelos pr\u00f3prios donos\u201d, assegurou.<\/span><\/p>\n<p>&nbsp;<\/p>\n<h2><b>Ataque<\/b><\/h2>\n<p>&nbsp;<\/p>\n<p><span style=\"font-weight: 400\">Na caminhada, o governador voltou a criticar o advers\u00e1rio Ibaneis Rocha pela aus\u00eancia em debates <\/span><span style=\"font-weight: 400\">\u2014 ontem, o emedebista cancelou a participa\u00e7\u00e3o no confronto direto promovido pela TV Globo. \u201c<\/span><span style=\"font-weight: 400\">N\u00e3o sei de qu\u00ea ele tem tanto medo, o que quer esconder, o que n\u00e3o pode revelar para a popula\u00e7\u00e3o de Bras\u00edlia\u201d, alfinetou. E emendou: \u201cMas, certamente, a popula\u00e7\u00e3o est\u00e1 atenta ao candidato que despreza a democracia e o debate, mostrando, mais uma vez, seu perfil arrogante e o medo do contradit\u00f3rio\u201d.<\/span><\/p>\n<p>&nbsp;<\/p>\n<p><span style=\"font-weight: 400\">Apesar do desempenho desfavor\u00e1vel em pesquisas de opini\u00e3o, com 26% dos votos v\u00e1lidos, contra 74% do advers\u00e1rio, segundo o Datafolha, Rollemberg disse estar \u201cconfiante\u201d. \u201c<\/span><span style=\"font-weight: 400\">Vou votar \u00e0s 8h, no domingo, porque j\u00e1 quero come\u00e7ar na frente, para que a gente tenha uma vit\u00f3ria que seja da popula\u00e7\u00e3o de Bras\u00edlia\u201d, adiantou.<\/span><\/p>\n","protected":false},"excerpt":{"rendered":"<p>Candidato \u00e0 reelei\u00e7\u00e3o, o governador Rodrigo Rollemberg (PSB) iniciou a agenda do pen\u00faltimo dia de campanha, nesta sexta-feira (26\/10), em Sobradinho I. Na caminhada, o socialista refor\u00e7ou promessas para o transporte p\u00fablico, como a constru\u00e7\u00e3o do BRT Norte, que ligar\u00e1 a cidade e Planaltina ao Plano Piloto, e a conclus\u00e3o das obras do Trevo de Triagem Norte (TTN) e da [&hellip;]<\/p>\n","protected":false},"author":90,"featured_media":13319,"comment_status":"open","ping_status":"closed","sticky":false,"template":"","format":"standard","meta":{"footnotes":""},"categories":[234],"tags":[807,917,1467,193],"class_list":["post-13318","post","type-post","status-publish","format-standard","has-post-thumbnail","hentry","category-cb-poder","tag-eleicoes-2018","tag-ibaneis-rocha","tag-mobilidade-urbana","tag-rodrigo-rollemberg"],"_links":{"self":[{"href":"https:\/\/blogs.correiobraziliense.com.br\/cbpoder\/wp-json\/wp\/v2\/posts\/13318","targetHints":{"allow":["GET"]}}],"collection":[{"href":"https:\/\/blogs.correiobraziliense.com.br\/cbpoder\/wp-json\/wp\/v2\/posts"}],"about":[{"href":"https:\/\/blogs.correiobraziliense.com.br\/cbpoder\/wp-json\/wp\/v2\/types\/post"}],"author":[{"embeddable":true,"href":"https:\/\/blogs.correiobraziliense.com.br\/cbpoder\/wp-json\/wp\/v2\/users\/90"}],"replies":[{"embeddable":true,"href":"https:\/\/blogs.correiobraziliense.com.br\/cbpoder\/wp-json\/wp\/v2\/comments?post=13318"}],"version-history":[{"count":1,"href":"https:\/\/blogs.correiobraziliense.com.br\/cbpoder\/wp-json\/wp\/v2\/posts\/13318\/revisions"}],"predecessor-version":[{"id":13320,"href":"https:\/\/blogs.correiobraziliense.com.br\/cbpoder\/wp-json\/wp\/v2\/posts\/13318\/revisions\/13320"}],"wp:featuredmedia":[{"embeddable":true,"href":"https:\/\/blogs.correiobraziliense.com.br\/cbpoder\/wp-json\/wp\/v2\/media\/13319"}],"wp:attachment":[{"href":"https:\/\/blogs.correiobraziliense.com.br\/cbpoder\/wp-json\/wp\/v2\/media?parent=13318"}],"wp:term":[{"taxonomy":"category","embeddable":true,"href":"https:\/\/blogs.correiobraziliense.com.br\/cbpoder\/wp-json\/wp\/v2\/categories?post=13318"},{"taxonomy":"post_tag","embeddable":true,"href":"https:\/\/blogs.correiobraziliense.com.br\/cbpoder\/wp-json\/wp\/v2\/tags?post=13318"}],"curies":[{"name":"wp","href":"https:\/\/api.w.org\/{rel}","templated":true}]}}