{"id":13290,"date":"2018-10-20T18:09:19","date_gmt":"2018-10-20T21:09:19","guid":{"rendered":"https:\/\/blogs.correiobraziliense.com.br\/cbpoder\/?p=13290"},"modified":"2018-10-20T18:09:19","modified_gmt":"2018-10-20T21:09:19","slug":"delegada-que-conduziu-inquerito-da-113-sul-e-presa-para-cumprir-pena-de-16-anos","status":"publish","type":"post","link":"https:\/\/blogs.correiobraziliense.com.br\/cbpoder\/delegada-que-conduziu-inquerito-da-113-sul-e-presa-para-cumprir-pena-de-16-anos\/","title":{"rendered":"Delegada que conduziu inqu\u00e9rito da 113 Sul \u00e9 presa para cumprir pena de 16 anos"},"content":{"rendered":"<p>ANA MARIA CAMPOS<\/p>\n<p>A Corregedoria da Pol\u00edcia Civil do DF cumpriu hoje (20\/10) mandado de pris\u00e3o contra a ex-delegada Martha Vargas, condenada em segunda inst\u00e2ncia a 16 anos de pris\u00e3o pelos crimes de fraude processual, falsidade ideol\u00f3gica, tortura e viola\u00e7\u00e3o de sigilo funcional durante a condu\u00e7\u00e3o das investiga\u00e7\u00f5es do triplo assassinato da 113 Sul.<\/p>\n<p>&nbsp;<\/p>\n<p>O mandado de pris\u00e3o foi expedido pela ju\u00edza da Vara de Execu\u00e7\u00f5es Penais, Leila Cury, com base em entendimento do Supremo Tribunal Federal (STF) segundo o qual a pena deve ser executada a partir da condena\u00e7\u00e3o em segunda inst\u00e2ncia.<\/p>\n<p>&nbsp;<\/p>\n<p>De acordo com a den\u00fancia, dos promotores do N\u00facleo de Investiga\u00e7\u00e3o e Controle da Atividade Policial (NCAP), \u00a0Martha Vargas plantou provas para incriminar pessoas inocentes, al\u00e9m de outras irregularidades graves, durante o inqu\u00e9rito sobre a morte do ex-ministro Jos\u00e9 Guilherme Villella, da mulher dele, Maria Villela, e da funcion\u00e1ria do apartamento na 113 Sul, Francisca Nascimento Silva.<\/p>\n<p>&nbsp;<\/p>\n<p>Em julho, Martha Vargas teve a aposentadoria cassada depois de ser alvo de um processo administrativo disciplinar na Policia Civil do DF.<\/p>\n<p>&nbsp;<\/p>\n","protected":false},"excerpt":{"rendered":"<p>ANA MARIA CAMPOS A Corregedoria da Pol\u00edcia Civil do DF cumpriu hoje (20\/10) mandado de pris\u00e3o contra a ex-delegada Martha Vargas, condenada em segunda inst\u00e2ncia a 16 anos de pris\u00e3o pelos crimes de fraude processual, falsidade ideol\u00f3gica, tortura e viola\u00e7\u00e3o de sigilo funcional durante a condu\u00e7\u00e3o das investiga\u00e7\u00f5es do triplo assassinato da 113 Sul. &nbsp; O mandado de pris\u00e3o foi [&hellip;]<\/p>\n","protected":false},"author":9,"featured_media":9680,"comment_status":"open","ping_status":"closed","sticky":false,"template":"","format":"standard","meta":{"footnotes":""},"categories":[234],"tags":[1365,922,410],"class_list":["post-13290","post","type-post","status-publish","format-standard","has-post-thumbnail","hentry","category-cb-poder","tag-crime-da-113-sul","tag-martha-vargas","tag-prisao"],"_links":{"self":[{"href":"https:\/\/blogs.correiobraziliense.com.br\/cbpoder\/wp-json\/wp\/v2\/posts\/13290","targetHints":{"allow":["GET"]}}],"collection":[{"href":"https:\/\/blogs.correiobraziliense.com.br\/cbpoder\/wp-json\/wp\/v2\/posts"}],"about":[{"href":"https:\/\/blogs.correiobraziliense.com.br\/cbpoder\/wp-json\/wp\/v2\/types\/post"}],"author":[{"embeddable":true,"href":"https:\/\/blogs.correiobraziliense.com.br\/cbpoder\/wp-json\/wp\/v2\/users\/9"}],"replies":[{"embeddable":true,"href":"https:\/\/blogs.correiobraziliense.com.br\/cbpoder\/wp-json\/wp\/v2\/comments?post=13290"}],"version-history":[{"count":1,"href":"https:\/\/blogs.correiobraziliense.com.br\/cbpoder\/wp-json\/wp\/v2\/posts\/13290\/revisions"}],"predecessor-version":[{"id":13291,"href":"https:\/\/blogs.correiobraziliense.com.br\/cbpoder\/wp-json\/wp\/v2\/posts\/13290\/revisions\/13291"}],"wp:featuredmedia":[{"embeddable":true,"href":"https:\/\/blogs.correiobraziliense.com.br\/cbpoder\/wp-json\/wp\/v2\/media\/9680"}],"wp:attachment":[{"href":"https:\/\/blogs.correiobraziliense.com.br\/cbpoder\/wp-json\/wp\/v2\/media?parent=13290"}],"wp:term":[{"taxonomy":"category","embeddable":true,"href":"https:\/\/blogs.correiobraziliense.com.br\/cbpoder\/wp-json\/wp\/v2\/categories?post=13290"},{"taxonomy":"post_tag","embeddable":true,"href":"https:\/\/blogs.correiobraziliense.com.br\/cbpoder\/wp-json\/wp\/v2\/tags?post=13290"}],"curies":[{"name":"wp","href":"https:\/\/api.w.org\/{rel}","templated":true}]}}