{"id":13285,"date":"2018-10-19T19:51:28","date_gmt":"2018-10-19T22:51:28","guid":{"rendered":"https:\/\/blogs.correiobraziliense.com.br\/cbpoder\/?p=13285"},"modified":"2018-10-19T19:55:39","modified_gmt":"2018-10-19T22:55:39","slug":"torre-de-babel-policia-civil-do-df-prende-receptador-de-cargas-em-sao-paulo","status":"publish","type":"post","link":"https:\/\/blogs.correiobraziliense.com.br\/cbpoder\/torre-de-babel-policia-civil-do-df-prende-receptador-de-cargas-em-sao-paulo\/","title":{"rendered":"Torre de Babel: Pol\u00edcia Civil do DF prende receptador de cargas em S\u00e3o Paulo"},"content":{"rendered":"<p><strong>ALEXANDRE DE PAULA<\/strong><\/p>\n<p>&nbsp;<\/p>\n<p><span style=\"font-weight: 400\">A Pol\u00edcia Civil do DF prendeu, nesta sexta-feira (19\/10), na cidade de S\u00e3o Paulo, uma das pe\u00e7as-chave de uma organiza\u00e7\u00e3o criminosa envolvida em tr\u00e1fico de drogas, roubos, furtos, desvios de cargas e lavagem de dinheiro. A a\u00e7\u00e3o fez parte da 3\u00aa fase da megaopera\u00e7\u00e3o Torre de Babel, que investigou os crimes por 9 meses e desvendou o esquema. <\/span><\/p>\n<p>&nbsp;<\/p>\n<p><span style=\"font-weight: 400\">O principal receptador das cargas desviadas pelo grupo na regi\u00e3o Sudoeste, Wilson Cardoso Nunes \u2014 conhecido como Doctor \u2014, foi preso pela PCDF. A identidade do criminoso era desconhecida at\u00e9 o in\u00edcio da opera\u00e7\u00e3o, na \u00faltima semana. Nunes era policial civil do estado de S\u00e3o Paulo, mas acabou expulso pela corpora\u00e7\u00e3o em 2000 e atuava, atualmente, como advogado, de acordo com a PCDF. \u00a0\u00a0<\/span><\/p>\n<p>&nbsp;<\/p>\n<p><span style=\"font-weight: 400\">A investiga\u00e7\u00e3o e a Opera\u00e7\u00e3o Torre de Babel s\u00e3o realizadas sob a responsabilidade da Coordena\u00e7\u00e3o Especial de Repress\u00e3o \u00e0 Corrup\u00e7\u00e3o, ao Crime Organizado e aos Crimes contra a Administra\u00e7\u00e3o P\u00fablica e contra a Ordem Tribut\u00e1ria da Pol\u00edcia Civil do Distrito Federal (CECOR).<\/span><\/p>\n<p>&nbsp;<\/p>\n<blockquote><p><span style=\"font-weight: 400\">Al\u00e9m da pris\u00e3o, os oficiais tamb\u00e9m fizeram buscas na cidade de S\u00e3o Jos\u00e9 do Rio Preto, no interior de S\u00e3o Paulo. L\u00e1, identificaram um galp\u00e3o repleto de mercadorias, que contava, por exemplo, com cargas desviadas de uma rede de loja de departamentos. No domingo, um dos motoristas de caminh\u00e3o envolvidos no esquema foi preso, na segunda fase da opera\u00e7\u00e3o. Os motoristas de empresas de transporte eram recrutados para simular terem sido v\u00edtimas de roubo. Eles, no entanto, desviavam as cargas para a organiza\u00e7\u00e3o criminosa.<\/span><\/p><\/blockquote>\n<p>&nbsp;<\/p>\n<p><span style=\"font-weight: 400\">Segundo a PCDF, o l\u00edder da organiza\u00e7\u00e3o criminosa, Antonio Cesar Campanaro (conhecido como Toninho do P\u00f3), tamb\u00e9m participava do desvio das cargas. Toninho comandava uma rede de tr\u00e1fico, que utilizava uma propriedade em Cristalina (GO) para armazenar grande quantidade de drogas. Ele foi preso na primeira fase da opera\u00e7\u00e3o, em 10 de outubro. <\/span><\/p>\n<p>&nbsp;<\/p>\n<h2><span style=\"font-weight: 400\">Balan\u00e7o<\/span><\/h2>\n<p>&nbsp;<\/p>\n<p><span style=\"font-weight: 400\">Ao todo, foram cumpridos 48 mandados de pris\u00e3o provis\u00f3rios e seis pessoas acabaram presas em flagrante. Al\u00e9m disso, 27 carros, dois caminh\u00f5es, quatro armas de fogo irregulares, um colete \u00e0 prova de bala e R$ 96,4 mil foram apreendidos.<\/span><\/p>\n<p>&nbsp;<\/p>\n<p>&nbsp;<\/p>\n","protected":false},"excerpt":{"rendered":"<p>ALEXANDRE DE PAULA &nbsp; A Pol\u00edcia Civil do DF prendeu, nesta sexta-feira (19\/10), na cidade de S\u00e3o Paulo, uma das pe\u00e7as-chave de uma organiza\u00e7\u00e3o criminosa envolvida em tr\u00e1fico de drogas, roubos, furtos, desvios de cargas e lavagem de dinheiro. A a\u00e7\u00e3o fez parte da 3\u00aa fase da megaopera\u00e7\u00e3o Torre de Babel, que investigou os crimes por 9 meses e desvendou [&hellip;]<\/p>\n","protected":false},"author":90,"featured_media":13286,"comment_status":"open","ping_status":"closed","sticky":false,"template":"","format":"standard","meta":{"footnotes":""},"categories":[234],"tags":[102,1537,1536],"class_list":["post-13285","post","type-post","status-publish","format-standard","has-post-thumbnail","hentry","category-cb-poder","tag-policia-civil","tag-roubo-de-cargas","tag-torre-de-babel"],"_links":{"self":[{"href":"https:\/\/blogs.correiobraziliense.com.br\/cbpoder\/wp-json\/wp\/v2\/posts\/13285","targetHints":{"allow":["GET"]}}],"collection":[{"href":"https:\/\/blogs.correiobraziliense.com.br\/cbpoder\/wp-json\/wp\/v2\/posts"}],"about":[{"href":"https:\/\/blogs.correiobraziliense.com.br\/cbpoder\/wp-json\/wp\/v2\/types\/post"}],"author":[{"embeddable":true,"href":"https:\/\/blogs.correiobraziliense.com.br\/cbpoder\/wp-json\/wp\/v2\/users\/90"}],"replies":[{"embeddable":true,"href":"https:\/\/blogs.correiobraziliense.com.br\/cbpoder\/wp-json\/wp\/v2\/comments?post=13285"}],"version-history":[{"count":3,"href":"https:\/\/blogs.correiobraziliense.com.br\/cbpoder\/wp-json\/wp\/v2\/posts\/13285\/revisions"}],"predecessor-version":[{"id":13289,"href":"https:\/\/blogs.correiobraziliense.com.br\/cbpoder\/wp-json\/wp\/v2\/posts\/13285\/revisions\/13289"}],"wp:featuredmedia":[{"embeddable":true,"href":"https:\/\/blogs.correiobraziliense.com.br\/cbpoder\/wp-json\/wp\/v2\/media\/13286"}],"wp:attachment":[{"href":"https:\/\/blogs.correiobraziliense.com.br\/cbpoder\/wp-json\/wp\/v2\/media?parent=13285"}],"wp:term":[{"taxonomy":"category","embeddable":true,"href":"https:\/\/blogs.correiobraziliense.com.br\/cbpoder\/wp-json\/wp\/v2\/categories?post=13285"},{"taxonomy":"post_tag","embeddable":true,"href":"https:\/\/blogs.correiobraziliense.com.br\/cbpoder\/wp-json\/wp\/v2\/tags?post=13285"}],"curies":[{"name":"wp","href":"https:\/\/api.w.org\/{rel}","templated":true}]}}