{"id":13175,"date":"2018-10-08T16:47:13","date_gmt":"2018-10-08T19:47:13","guid":{"rendered":"https:\/\/blogs.correiobraziliense.com.br\/cbpoder\/?p=13175"},"modified":"2018-10-08T16:48:17","modified_gmt":"2018-10-08T19:48:17","slug":"rosso-elabora-lista-de-propostas-e-pode-apoiar-candidato-ao-gdf-que-acata-la","status":"publish","type":"post","link":"https:\/\/blogs.correiobraziliense.com.br\/cbpoder\/rosso-elabora-lista-de-propostas-e-pode-apoiar-candidato-ao-gdf-que-acata-la\/","title":{"rendered":"Rosso elabora lista de propostas e pode apoiar candidato ao GDF que acat\u00e1-la"},"content":{"rendered":"<p><b>ISA STACCIARINI <\/b><\/p>\n<p>&nbsp;<\/p>\n<p><span style=\"font-weight: 400\">Fora do segundo turno da elei\u00e7\u00e3o para o Pal\u00e1cio do Buriti, Rog\u00e9rio Rosso (PSD) apresentou, nesta segunda-feira (08\/10), 25 pontos que considera fundamentais para a pr\u00f3xima gest\u00e3o. O pessedista ainda preparou 100 a\u00e7\u00f5es, entre decretos e projetos de lei, para entregar ao candidato eleito ao Executivo Local. A tend\u00eancia \u00e9 apoiar o concorrente que acate a lista.<\/span><\/p>\n<p>&nbsp;<\/p>\n<p><span style=\"font-weight: 400\">Abatido e emocionado, Rosso recebeu a imprensa na casa da fam\u00edlia, na QL 6 do Lago Sul. Entre as propostas para o DF, ele sugeriu a regionaliza\u00e7\u00e3o do IPTU, para que parte do imposto fique nas cidades, viabilizando investimentos; a extin\u00e7\u00e3o da Ag\u00eancia de Fiscaliza\u00e7\u00e3o (Agefis); a concess\u00e3o da paridade salarial da Pol\u00edcia Civil com a Federal, assim como o reajuste da Pol\u00edcia Militar e do Corpo de Bombeiros; o pagamento da terceira parcela do reajuste dos servidores; a constru\u00e7\u00e3o de um segundo Hospital de Ceil\u00e2ndia; e a regulariza\u00e7\u00e3o de condom\u00ednios. <\/span><\/p>\n<p>&nbsp;<\/p>\n<blockquote><p><span style=\"font-weight: 400\">O deputado federal licenciado ressaltou que a chapa n\u00e3o deve ficar neutra no segundo turno. Por\u00e9m, n\u00e3o adiantou qual candidato apoiar\u00e1. Disse, ainda, ter recebido telefonemas\u00a0de Ibaneis Rocha (MDB) e Rodrigo Rollemberg (PSD) ap\u00f3s o resultado das urnas. \u201cA chave do nosso apoio \u00e9 o cumprimento integral de tudo isso. Os pontos precisam ser feitos nos primeiros 100 dias de governo &#8211; claro, com adapta\u00e7\u00f5es que se fizerem necess\u00e1rias. Se nenhum dos dois tiver o interesse em cumprir , a posi\u00e7\u00e3o do PSD ser\u00e1 neutra. Nossa postura n\u00e3o \u00e9 a de vale tudo\u201d, ressaltou. <\/span><\/p>\n<p>&nbsp;<\/p><\/blockquote>\n<p><span style=\"font-weight: 400\">Rosso refor\u00e7ou que, nos dias de campanha, procurou dar enfoque a solu\u00e7\u00f5es para o Distrito Federal. \u201cFizemos uma campanha limpa, propositiva e correta. Os resultados dos institutos de pesquisa induziram parte do eleitorado\u201d, frisou. \u201cMas respeito e reconhe\u00e7o a soberania da escolha da popula\u00e7\u00e3o do Distrito Federal\u201d, completou.<\/span><\/p>\n<p>&nbsp;<\/p>\n<p><span style=\"font-weight: 400\">Ele destacou o poder econ\u00f4mico e a estrutura financeira forte de alguns candidatos no primeiro turno, sem nome\u00e1-los. \u201cIsso, na capital, faz diferen\u00e7a\u201d, disse. Rosso integrou a lista dos candidatos que assinaram representa\u00e7\u00e3o ao Minist\u00e9rio P\u00fablico Eleitoral (MPE) contra Ibaneis Rocha (MDB) por suposta compra de votos, devido ao epis\u00f3dio em que o emedebista declarou que reconstruiria casas derrubadas pela Agefis com dinheiro pr\u00f3prio. Ao mesmo tempo, apresentou pontos contr\u00e1rios\u00a0\u00e0 gest\u00e3o do governador Rodrigo Rollemberg (PSB).<\/span><\/p>\n<p>&nbsp;<\/p>\n<p><span style=\"font-weight: 400\">Na segunda etapa do pleito, o deputado federal declarou que manter\u00e1 apoio ao presidenci\u00e1vel Jair Bolsonaro (PSL)&#8221; Eu vou trabalhar muito pelo Bolsonaro. Posso n\u00e3o concordar com tudo que ele fala, mas discordo 100% do PT, o qual considero um retrocesso&#8221;, ressaltou<\/span><\/p>\n","protected":false},"excerpt":{"rendered":"<p>ISA STACCIARINI &nbsp; Fora do segundo turno da elei\u00e7\u00e3o para o Pal\u00e1cio do Buriti, Rog\u00e9rio Rosso (PSD) apresentou, nesta segunda-feira (08\/10), 25 pontos que considera fundamentais para a pr\u00f3xima gest\u00e3o. O pessedista ainda preparou 100 a\u00e7\u00f5es, entre decretos e projetos de lei, para entregar ao candidato eleito ao Executivo Local. A tend\u00eancia \u00e9 apoiar o concorrente que acate a lista. [&hellip;]<\/p>\n","protected":false},"author":90,"featured_media":11769,"comment_status":"open","ping_status":"closed","sticky":false,"template":"","format":"standard","meta":{"footnotes":""},"categories":[234],"tags":[1345,807,1532],"class_list":["post-13175","post","type-post","status-publish","format-standard","has-post-thumbnail","hentry","category-cb-poder","tag-candidato-ao-gdf","tag-eleicoes-2018","tag-segundo-turno"],"_links":{"self":[{"href":"https:\/\/blogs.correiobraziliense.com.br\/cbpoder\/wp-json\/wp\/v2\/posts\/13175","targetHints":{"allow":["GET"]}}],"collection":[{"href":"https:\/\/blogs.correiobraziliense.com.br\/cbpoder\/wp-json\/wp\/v2\/posts"}],"about":[{"href":"https:\/\/blogs.correiobraziliense.com.br\/cbpoder\/wp-json\/wp\/v2\/types\/post"}],"author":[{"embeddable":true,"href":"https:\/\/blogs.correiobraziliense.com.br\/cbpoder\/wp-json\/wp\/v2\/users\/90"}],"replies":[{"embeddable":true,"href":"https:\/\/blogs.correiobraziliense.com.br\/cbpoder\/wp-json\/wp\/v2\/comments?post=13175"}],"version-history":[{"count":3,"href":"https:\/\/blogs.correiobraziliense.com.br\/cbpoder\/wp-json\/wp\/v2\/posts\/13175\/revisions"}],"predecessor-version":[{"id":13178,"href":"https:\/\/blogs.correiobraziliense.com.br\/cbpoder\/wp-json\/wp\/v2\/posts\/13175\/revisions\/13178"}],"wp:featuredmedia":[{"embeddable":true,"href":"https:\/\/blogs.correiobraziliense.com.br\/cbpoder\/wp-json\/wp\/v2\/media\/11769"}],"wp:attachment":[{"href":"https:\/\/blogs.correiobraziliense.com.br\/cbpoder\/wp-json\/wp\/v2\/media?parent=13175"}],"wp:term":[{"taxonomy":"category","embeddable":true,"href":"https:\/\/blogs.correiobraziliense.com.br\/cbpoder\/wp-json\/wp\/v2\/categories?post=13175"},{"taxonomy":"post_tag","embeddable":true,"href":"https:\/\/blogs.correiobraziliense.com.br\/cbpoder\/wp-json\/wp\/v2\/tags?post=13175"}],"curies":[{"name":"wp","href":"https:\/\/api.w.org\/{rel}","templated":true}]}}