{"id":13158,"date":"2018-10-06T21:30:52","date_gmt":"2018-10-07T00:30:52","guid":{"rendered":"https:\/\/blogs.correiobraziliense.com.br\/cbpoder\/?p=13158"},"modified":"2018-10-06T21:36:09","modified_gmt":"2018-10-07T00:36:09","slug":"ibope-leila-do-volei-lidera-disputa-pelo-senado-izalci-e-cristovam-disputam-2a-vaga","status":"publish","type":"post","link":"https:\/\/blogs.correiobraziliense.com.br\/cbpoder\/ibope-leila-do-volei-lidera-disputa-pelo-senado-izalci-e-cristovam-disputam-2a-vaga\/","title":{"rendered":"Ibope: Leila do V\u00f4lei lidera corrida pelo Senado; Izalci e Cristovam disputam 2\u00aa vaga"},"content":{"rendered":"<p><span style=\"font-weight: 400\">A medalhista ol\u00edmpica e ex-secret\u00e1ria de Esporte, Leila do V\u00f4lei (PSB), lidera a disputa pelo Senado, com 21% das inten\u00e7\u00f5es de votos v\u00e1lidos, de acordo com pesquisa Ibope, divulgada neste s\u00e1bado (06\/10). Em seguida, aparece Izalci Lucas (PSDB), com 17% do apoio dos entrevistados. O candidato \u00e0 reelei\u00e7\u00e3o Cristovam Buarque (PPS) atingiu 15% e est\u00e1 tecnicamente empatado com o tucano. O levantamento foi encomendado pela TV Globo. <\/span><\/p>\n<p>&nbsp;<\/p>\n<p><span style=\"font-weight: 400\">Chico Leite (Rede) tem 10%, Wasny de Roure (PT) chegou a 9% e Fadi Faraj (PRP) ficou com 8% \u2014 os tr\u00eas est\u00e3o tecnicamente empatados. Fernando Marques (SD) e Paulo Roque (Novo) seguem juntos com 3%. Na casa dos 2%, est\u00e3o Brigadeiro \u00c1tila Maia (PRTB), Juiz Everardo Ribeiro (PMN), Marcelo Neves (PT), Marivaldo Pereira (PSOL) e Professora Am\u00e1bile (PR). Por fim, aparecem com 1 % os candidatos Danilo Matoso (PCO), Helio Queiroz (PP), Jo\u00e3o Pedro Ferraz (PPL), Robson (PSTU) e Chico Sant\u2019Anna (PSOL). <\/span><\/p>\n<p>&nbsp;<\/p>\n<p><span style=\"font-weight: 400\">A amostra de votos v\u00e1lidos \u2014 que exclui da amostra os brancos, nulos e indecisos \u2014 \u00e9 utilizada pela Justi\u00e7a Eleitoral para divulgar o resultado oficial da elei\u00e7\u00e3o. <\/span><\/p>\n<p>&nbsp;<\/p>\n<p><span style=\"font-weight: 400\">O Ibope ouviu 2,2 mil eleitores, entre 4 e 6 de outubro. Registrada sob o n\u00famero BR-07798\/2018, a pesquisa considera a margem de erro de 2 pontos percentuais, para mais ou para menos. <\/span><\/p>\n<p>&nbsp;<\/p>\n<p><b>Confira\u00a0tamb\u00e9m o quadro de votos totais, que leva em considera\u00e7\u00e3o brancos, nulos e indecisos:<\/b><\/p>\n<p>&nbsp;<\/p>\n<p><span style=\"font-weight: 400\">Leila do V\u00f4lei (PSB): 31%<\/span><\/p>\n<p><span style=\"font-weight: 400\">Izalci (PSDB): 25%<\/span><\/p>\n<p><span style=\"font-weight: 400\">Cristovam Buarque (PPS): 22%<\/span><\/p>\n<p><span style=\"font-weight: 400\">Chico Leite (Rede): 15%<\/span><\/p>\n<p><span style=\"font-weight: 400\">Wasny (PT): 13%<\/span><\/p>\n<p><span style=\"font-weight: 400\">Fadi Faraj (PRP): 11%<\/span><\/p>\n<p><span style=\"font-weight: 400\">Fernando Marques (SD): 5%<\/span><\/p>\n<p><span style=\"font-weight: 400\">Paulo Roque (Novo): 5%<\/span><\/p>\n<p><span style=\"font-weight: 400\">Juiz Everardo Ribeiro (PMN): 3%<\/span><\/p>\n<p><span style=\"font-weight: 400\">Marcelo Neves (PT): 3%<\/span><\/p>\n<p><span style=\"font-weight: 400\">Brigadeiro \u00c1tila Maia (PRTB): 2%<\/span><\/p>\n<p><span style=\"font-weight: 400\">Helio Queiroz (PP): 2%<\/span><\/p>\n<p><span style=\"font-weight: 400\">Jo\u00e3o Pedro Ferraz (PPL): 2%<\/span><\/p>\n<p><span style=\"font-weight: 400\">Marivaldo Pereira (PSOL): 2%<\/span><\/p>\n<p><span style=\"font-weight: 400\">Professora Am\u00e1bile (PR): 2%<\/span><\/p>\n<p><span style=\"font-weight: 400\">Chico Sant\u2019Anna (PSOL): 1%<\/span><\/p>\n<p><span style=\"font-weight: 400\">Danilo Matoso (PCO): 1%<\/span><\/p>\n<p><span style=\"font-weight: 400\">Robson (PSTU): 1%<\/span><\/p>\n<p><span style=\"font-weight: 400\">Em branco\/nulo\/nenhum para 1\u00aa vaga: 12%<\/span><\/p>\n<p><span style=\"font-weight: 400\">Em branco\/nulo\/nenhum para 2\u00aa vaga: 17%<\/span><\/p>\n<p><span style=\"font-weight: 400\">N\u00e3o sabe: 24%<\/span><\/p>\n<p>&nbsp;<\/p>\n","protected":false},"excerpt":{"rendered":"<p>A medalhista ol\u00edmpica e ex-secret\u00e1ria de Esporte, Leila do V\u00f4lei (PSB), lidera a disputa pelo Senado, com 21% das inten\u00e7\u00f5es de votos v\u00e1lidos, de acordo com pesquisa Ibope, divulgada neste s\u00e1bado (06\/10). Em seguida, aparece Izalci Lucas (PSDB), com 17% do apoio dos entrevistados. O candidato \u00e0 reelei\u00e7\u00e3o Cristovam Buarque (PPS) atingiu 15% e est\u00e1 tecnicamente empatado com o tucano. [&hellip;]<\/p>\n","protected":false},"author":90,"featured_media":12151,"comment_status":"open","ping_status":"closed","sticky":false,"template":"","format":"standard","meta":{"footnotes":""},"categories":[234],"tags":[596,807,1408,62],"class_list":["post-13158","post","type-post","status-publish","format-standard","has-post-thumbnail","hentry","category-cb-poder","tag-cristovam-buarque","tag-eleicoes-2018","tag-leila-do-volei","tag-senado"],"_links":{"self":[{"href":"https:\/\/blogs.correiobraziliense.com.br\/cbpoder\/wp-json\/wp\/v2\/posts\/13158","targetHints":{"allow":["GET"]}}],"collection":[{"href":"https:\/\/blogs.correiobraziliense.com.br\/cbpoder\/wp-json\/wp\/v2\/posts"}],"about":[{"href":"https:\/\/blogs.correiobraziliense.com.br\/cbpoder\/wp-json\/wp\/v2\/types\/post"}],"author":[{"embeddable":true,"href":"https:\/\/blogs.correiobraziliense.com.br\/cbpoder\/wp-json\/wp\/v2\/users\/90"}],"replies":[{"embeddable":true,"href":"https:\/\/blogs.correiobraziliense.com.br\/cbpoder\/wp-json\/wp\/v2\/comments?post=13158"}],"version-history":[{"count":2,"href":"https:\/\/blogs.correiobraziliense.com.br\/cbpoder\/wp-json\/wp\/v2\/posts\/13158\/revisions"}],"predecessor-version":[{"id":13160,"href":"https:\/\/blogs.correiobraziliense.com.br\/cbpoder\/wp-json\/wp\/v2\/posts\/13158\/revisions\/13160"}],"wp:featuredmedia":[{"embeddable":true,"href":"https:\/\/blogs.correiobraziliense.com.br\/cbpoder\/wp-json\/wp\/v2\/media\/12151"}],"wp:attachment":[{"href":"https:\/\/blogs.correiobraziliense.com.br\/cbpoder\/wp-json\/wp\/v2\/media?parent=13158"}],"wp:term":[{"taxonomy":"category","embeddable":true,"href":"https:\/\/blogs.correiobraziliense.com.br\/cbpoder\/wp-json\/wp\/v2\/categories?post=13158"},{"taxonomy":"post_tag","embeddable":true,"href":"https:\/\/blogs.correiobraziliense.com.br\/cbpoder\/wp-json\/wp\/v2\/tags?post=13158"}],"curies":[{"name":"wp","href":"https:\/\/api.w.org\/{rel}","templated":true}]}}