{"id":13142,"date":"2018-10-04T21:17:27","date_gmt":"2018-10-05T00:17:27","guid":{"rendered":"https:\/\/blogs.correiobraziliense.com.br\/cbpoder\/?p=13142"},"modified":"2018-10-04T21:17:27","modified_gmt":"2018-10-05T00:17:27","slug":"pf-e-mpf-recebem-denuncia-sobre-venda-de-terreno-publico-filho-de-izalci-abaixo-do-preco-de-mercado","status":"publish","type":"post","link":"https:\/\/blogs.correiobraziliense.com.br\/cbpoder\/pf-e-mpf-recebem-denuncia-sobre-venda-de-terreno-publico-filho-de-izalci-abaixo-do-preco-de-mercado\/","title":{"rendered":"PF e MPF recebem den\u00fancia sobre venda de terreno p\u00fablico a filho de Izalci abaixo do pre\u00e7o de mercado"},"content":{"rendered":"<p><b>PEDRO GRIGORI<\/b><\/p>\n<p>&nbsp;<\/p>\n<p><span style=\"font-weight: 400\">A Pol\u00edcia Federal e o Minist\u00e9rio P\u00fablico Federal (MPF) receberam den\u00fancia de que o superintendente regional do Instituto Nacional de Coloniza\u00e7\u00e3o e Reforma Agr\u00e1ria (Incra), Igor Soares Lelis, transferiu 27,4 hectares da Uni\u00e3o para Renato Fernandes Ferreira, filho do deputado federal Izalci Lucas (PSDB), por apenas \u00a0R$ 17.771. O superintendente do Incra \u00e9 filiado ao PSDB desde 2005, e foi indicado ao atual posto por Izalci, presidente regional da sigla e candidato ao Senado Federal pelo DF.<\/span><\/p>\n<p>&nbsp;<\/p>\n<blockquote><p>O t\u00edtulo de dom\u00ednio de terras foi assinado por Igor Soares em 30 de junho de 2018. As terras ficam no Projeto Integrado de Coloniza\u00e7\u00e3o (PIC) Alexandre Gusm\u00e3o, em Brazl\u00e2ndia, e ser\u00e3o pagas em 17 parcelas anuais. Cada hectare saiu por R$ 646,59, abaixo do valor m\u00ednimo por hectare do DF, que \u00e9 de R$ 2,1 mil.<\/p>\n<p>&nbsp;<\/p><\/blockquote>\n<p><span style=\"font-weight: 400\">O <\/span><b>Correio <\/b><span style=\"font-weight: 400\">teve acesso a den\u00fancia enviada \u00e0 Pol\u00edcia Federal, \u00a0onde \u00e9 dito que o ato possivelmente representa infra\u00e7\u00e3o por servidores p\u00fablicos da Uni\u00e3o e particulares aos Artigos 317 e 333 do C\u00f3digo Penal, com poss\u00edvel corrup\u00e7\u00e3o passiva e ativa.<\/span><\/p>\n<p>&nbsp;<\/p>\n<h2>Outro lado<\/h2>\n<p>&nbsp;<\/p>\n<p><span style=\"font-weight: 400\">A reportagem procurou o deputado federal Izalci Lucas, que diz ser dono da terra desde 1993 e afirma ser v\u00edtima de factoide de pessoas que querem o prejudicar, \u201ccomo Rodrigo Rollemberg\u201d, ataca. \u201cEu tinha uma fazenda de 707 hectares em Formosa, nos anos 1990 a troquei por essa ch\u00e1cara em Brazl\u00e2ndia. Essa \u00e1rea j\u00e1 estava sendo ocupada, tinha at\u00e9 pesque pague\u201d, explica.<\/span><\/p>\n<p>&nbsp;<\/p>\n<p><span style=\"font-weight: 400\">O candidato ao Senado diz que encaminhou o pedido de escritura h\u00e1 mais de 20 anos e, em 2013, repassou o terreno para o filho. \u201cEle refor\u00e7ou o pedido de escritura. Ent\u00e3o, com essa Lei de Regulamenta\u00e7\u00e3o, todas as \u00e1reas est\u00e3o recebendo t\u00edtulos de dom\u00ednio de terra, que, ap\u00f3s quita\u00e7\u00e3o do im\u00f3vel, s\u00e3o substitu\u00eddos pelas escrituras\u201d, explica.<\/span><\/p>\n<p>&nbsp;<\/p>\n<p><span style=\"font-weight: 400\">O deputado federal esclarece tamb\u00e9m que ap\u00f3s aprova\u00e7\u00e3o da lei da regulamenta\u00e7\u00e3o fundi\u00e1ria recebeu pedido de indica\u00e7\u00e3o de um t\u00e9cnico para tocar o Incra. \u201cIndiquei o Igor, mas n\u00e3o por quest\u00f5es de partido. Ele \u00e9 servidor de carreira, filho de um ex-secret\u00e1rio de Agricultura. Foi uma indica\u00e7\u00e3o t\u00e9cnica\u201d.<\/span><\/p>\n<p>&nbsp;<\/p>\n<p><span style=\"font-weight: 400\">Izalci Lucas aparece em segundo lugar na corrida pelas duas cadeiras do DF no Senado Federal, segundo pesquisa do Datafolha divulgada nesta quinta-feira (4\/10). Ele marca 23% das inten\u00e7\u00f5es de voto e s\u00f3 fica atr\u00e1s de Leila do V\u00f4lei (PSB), da chapa de Rodrigo Rollemberg, que tem 29%.<\/span><\/p>\n","protected":false},"excerpt":{"rendered":"<p>PEDRO GRIGORI &nbsp; A Pol\u00edcia Federal e o Minist\u00e9rio P\u00fablico Federal (MPF) receberam den\u00fancia de que o superintendente regional do Instituto Nacional de Coloniza\u00e7\u00e3o e Reforma Agr\u00e1ria (Incra), Igor Soares Lelis, transferiu 27,4 hectares da Uni\u00e3o para Renato Fernandes Ferreira, filho do deputado federal Izalci Lucas (PSDB), por apenas \u00a0R$ 17.771. O superintendente do Incra \u00e9 filiado ao PSDB desde [&hellip;]<\/p>\n","protected":false},"author":90,"featured_media":3757,"comment_status":"open","ping_status":"closed","sticky":false,"template":"","format":"standard","meta":{"footnotes":""},"categories":[234],"tags":[1529,692,1220,349],"class_list":["post-13142","post","type-post","status-publish","format-standard","has-post-thumbnail","hentry","category-cb-poder","tag-incra","tag-izalci-lucas","tag-regularizacao","tag-terreno"],"_links":{"self":[{"href":"https:\/\/blogs.correiobraziliense.com.br\/cbpoder\/wp-json\/wp\/v2\/posts\/13142","targetHints":{"allow":["GET"]}}],"collection":[{"href":"https:\/\/blogs.correiobraziliense.com.br\/cbpoder\/wp-json\/wp\/v2\/posts"}],"about":[{"href":"https:\/\/blogs.correiobraziliense.com.br\/cbpoder\/wp-json\/wp\/v2\/types\/post"}],"author":[{"embeddable":true,"href":"https:\/\/blogs.correiobraziliense.com.br\/cbpoder\/wp-json\/wp\/v2\/users\/90"}],"replies":[{"embeddable":true,"href":"https:\/\/blogs.correiobraziliense.com.br\/cbpoder\/wp-json\/wp\/v2\/comments?post=13142"}],"version-history":[{"count":1,"href":"https:\/\/blogs.correiobraziliense.com.br\/cbpoder\/wp-json\/wp\/v2\/posts\/13142\/revisions"}],"predecessor-version":[{"id":13143,"href":"https:\/\/blogs.correiobraziliense.com.br\/cbpoder\/wp-json\/wp\/v2\/posts\/13142\/revisions\/13143"}],"wp:featuredmedia":[{"embeddable":true,"href":"https:\/\/blogs.correiobraziliense.com.br\/cbpoder\/wp-json\/wp\/v2\/media\/3757"}],"wp:attachment":[{"href":"https:\/\/blogs.correiobraziliense.com.br\/cbpoder\/wp-json\/wp\/v2\/media?parent=13142"}],"wp:term":[{"taxonomy":"category","embeddable":true,"href":"https:\/\/blogs.correiobraziliense.com.br\/cbpoder\/wp-json\/wp\/v2\/categories?post=13142"},{"taxonomy":"post_tag","embeddable":true,"href":"https:\/\/blogs.correiobraziliense.com.br\/cbpoder\/wp-json\/wp\/v2\/tags?post=13142"}],"curies":[{"name":"wp","href":"https:\/\/api.w.org\/{rel}","templated":true}]}}