{"id":13134,"date":"2018-10-04T19:58:17","date_gmt":"2018-10-04T22:58:17","guid":{"rendered":"https:\/\/blogs.correiobraziliense.com.br\/cbpoder\/?p=13134"},"modified":"2018-10-04T20:00:55","modified_gmt":"2018-10-04T23:00:55","slug":"ibaneis-se-isola-na-lideranca-da-corrida-pelo-buriti-com-32-diz-datafolha","status":"publish","type":"post","link":"https:\/\/blogs.correiobraziliense.com.br\/cbpoder\/ibaneis-se-isola-na-lideranca-da-corrida-pelo-buriti-com-32-diz-datafolha\/","title":{"rendered":"Ibaneis se isola na lideran\u00e7a da corrida pelo Buriti com 32%, diz Datafolha"},"content":{"rendered":"<p><span style=\"font-weight: 400\">Pesquisa estimulada realizada pelo Instituto Datafolha, divulgada nesta quinta-feira (4\/10), mostra Ibaneis Rocha (MDB) isolado na lideran\u00e7a da corrida pelo Pal\u00e1cio do Buriti, com 32% das inten\u00e7\u00f5es de voto. Encomendado pela TV Globo e pelo jornal <\/span><i><span style=\"font-weight: 400\">Folha de S.Paulo<\/span><\/i><span style=\"font-weight: 400\">, o levantamento aponta, ainda, que o emedebista venceria todos os advers\u00e1rios no segundo turno. A margem de erro \u00e9 de 3 pontos percentuais, para mais ou para menos.<\/span><\/p>\n<p>&nbsp;<\/p>\n<p><span style=\"font-weight: 400\">Na segunda coloca\u00e7\u00e3o, aparece Eliana Pedrosa (Pros), que conta com o apoio de 14% dos entrevistados. A ex-distrital est\u00e1 tecnicamente empatada com Rodrigo Rollemberg (PSB), o qual det\u00e9m 11% das inten\u00e7\u00f5es de voto, e Rog\u00e9rio Rosso (PSD), que atingiu 10%. Alberto Fraga (DEM) chegou a 7% e encontra-se empatado com o pessedista, F\u00e1tima Sousa (PSol), que tem 5%, e General Paulo Chagas (PRP), com 4%.<\/span><\/p>\n<p>&nbsp;<\/p>\n<p><span style=\"font-weight: 400\">Confira o detalhamento da pesquisa:<\/span><\/p>\n<p>&nbsp;<\/p>\n<ul>\n<li style=\"font-weight: 400\"><span style=\"font-weight: 400\">Ibaneis <\/span><span style=\"font-weight: 400\">(MDB): 32%<\/span><\/li>\n<li style=\"font-weight: 400\"><span style=\"font-weight: 400\">Eliana Pedrosa<\/span><span style=\"font-weight: 400\"> (Pros): 14%<\/span><\/li>\n<li style=\"font-weight: 400\"><span style=\"font-weight: 400\">Rodrigo Rollemberg<\/span><span style=\"font-weight: 400\"> (PSB): 11%<\/span><\/li>\n<li style=\"font-weight: 400\"><span style=\"font-weight: 400\">Rog\u00e9rio Rosso<\/span><span style=\"font-weight: 400\"> (PSD): 10%<\/span><\/li>\n<li style=\"font-weight: 400\"><span style=\"font-weight: 400\">Alberto Fraga<\/span><span style=\"font-weight: 400\"> (DEM): 7%<\/span><\/li>\n<li style=\"font-weight: 400\"><span style=\"font-weight: 400\">F\u00e1tima Sousa<\/span><span style=\"font-weight: 400\"> (PSOL): 5%<\/span><\/li>\n<li style=\"font-weight: 400\"><span style=\"font-weight: 400\">General Paulo Chagas<\/span><span style=\"font-weight: 400\"> (PRP): 4%<\/span><\/li>\n<li style=\"font-weight: 400\"><span style=\"font-weight: 400\">Alexandre Guerra<\/span><span style=\"font-weight: 400\"> (Novo): 3%<\/span><\/li>\n<li style=\"font-weight: 400\"><span style=\"font-weight: 400\">Miragaya <\/span><span style=\"font-weight: 400\">(PT): 3%<\/span><\/li>\n<li style=\"font-weight: 400\"><span style=\"font-weight: 400\">Guillen <\/span><span style=\"font-weight: 400\">(PSTU): 0%<\/span><\/li>\n<li style=\"font-weight: 400\"><span style=\"font-weight: 400\">Renan Rosa<\/span><span style=\"font-weight: 400\"> (PCO): 0%<\/span><\/li>\n<li style=\"font-weight: 400\"><span style=\"font-weight: 400\">Brancos\/nulos: 6%<\/span><\/li>\n<li style=\"font-weight: 400\"><span style=\"font-weight: 400\">N\u00e3o sabe: 4%<\/span><\/li>\n<\/ul>\n<p>&nbsp;<\/p>\n<p><span style=\"font-weight: 400\">No segundo turno, em um cen\u00e1rio com Ibaneis Rocha x Eliana Pedrosa, o emedebista venceria por 57% x 27%. Caso enfrentasse Rodrigo Rollemberg, conquistaria o mandato por 61% x 23%. Com Rog\u00e9rio Rosso, a vantagem seria de 63% x 20%.<\/span><\/p>\n<p>&nbsp;<\/p>\n<p>O Instituto ouviu 1.512 eleitores entre ontem e hoje. Esta \u00e9 a quinta pesquisa realizada pelo Datafolha. O intervalo de confian\u00e7a do levantamento \u00e9 de 95%.<\/p>\n","protected":false},"excerpt":{"rendered":"<p>Pesquisa estimulada realizada pelo Instituto Datafolha, divulgada nesta quinta-feira (4\/10), mostra Ibaneis Rocha (MDB) isolado na lideran\u00e7a da corrida pelo Pal\u00e1cio do Buriti, com 32% das inten\u00e7\u00f5es de voto. Encomendado pela TV Globo e pelo jornal Folha de S.Paulo, o levantamento aponta, ainda, que o emedebista venceria todos os advers\u00e1rios no segundo turno. A margem de erro \u00e9 de 3 [&hellip;]<\/p>\n","protected":false},"author":90,"featured_media":12345,"comment_status":"open","ping_status":"closed","sticky":false,"template":"","format":"standard","meta":{"footnotes":""},"categories":[234],"tags":[1380,807,1215,917,193],"class_list":["post-13134","post","type-post","status-publish","format-standard","has-post-thumbnail","hentry","category-cb-poder","tag-candidato-gdf","tag-eleicoes-2018","tag-eliana-pedrosa","tag-ibaneis-rocha","tag-rodrigo-rollemberg"],"_links":{"self":[{"href":"https:\/\/blogs.correiobraziliense.com.br\/cbpoder\/wp-json\/wp\/v2\/posts\/13134","targetHints":{"allow":["GET"]}}],"collection":[{"href":"https:\/\/blogs.correiobraziliense.com.br\/cbpoder\/wp-json\/wp\/v2\/posts"}],"about":[{"href":"https:\/\/blogs.correiobraziliense.com.br\/cbpoder\/wp-json\/wp\/v2\/types\/post"}],"author":[{"embeddable":true,"href":"https:\/\/blogs.correiobraziliense.com.br\/cbpoder\/wp-json\/wp\/v2\/users\/90"}],"replies":[{"embeddable":true,"href":"https:\/\/blogs.correiobraziliense.com.br\/cbpoder\/wp-json\/wp\/v2\/comments?post=13134"}],"version-history":[{"count":4,"href":"https:\/\/blogs.correiobraziliense.com.br\/cbpoder\/wp-json\/wp\/v2\/posts\/13134\/revisions"}],"predecessor-version":[{"id":13138,"href":"https:\/\/blogs.correiobraziliense.com.br\/cbpoder\/wp-json\/wp\/v2\/posts\/13134\/revisions\/13138"}],"wp:featuredmedia":[{"embeddable":true,"href":"https:\/\/blogs.correiobraziliense.com.br\/cbpoder\/wp-json\/wp\/v2\/media\/12345"}],"wp:attachment":[{"href":"https:\/\/blogs.correiobraziliense.com.br\/cbpoder\/wp-json\/wp\/v2\/media?parent=13134"}],"wp:term":[{"taxonomy":"category","embeddable":true,"href":"https:\/\/blogs.correiobraziliense.com.br\/cbpoder\/wp-json\/wp\/v2\/categories?post=13134"},{"taxonomy":"post_tag","embeddable":true,"href":"https:\/\/blogs.correiobraziliense.com.br\/cbpoder\/wp-json\/wp\/v2\/tags?post=13134"}],"curies":[{"name":"wp","href":"https:\/\/api.w.org\/{rel}","templated":true}]}}