{"id":13089,"date":"2018-09-26T18:42:10","date_gmt":"2018-09-26T21:42:10","guid":{"rendered":"https:\/\/blogs.correiobraziliense.com.br\/cbpoder\/?p=13089"},"modified":"2018-09-26T18:42:10","modified_gmt":"2018-09-26T21:42:10","slug":"ibaneis-quer-reduzir-desemprego-no-df-a-partir-de-investimentos-em-micro-e-pequenos-empresarios","status":"publish","type":"post","link":"https:\/\/blogs.correiobraziliense.com.br\/cbpoder\/ibaneis-quer-reduzir-desemprego-no-df-a-partir-de-investimentos-em-micro-e-pequenos-empresarios\/","title":{"rendered":"Ibaneis quer reduzir desemprego no DF a partir de investimentos em micro e pequenos empres\u00e1rios"},"content":{"rendered":"<p><b>Augusto Fernandes<\/b><\/p>\n<p>&nbsp;<\/p>\n<p><span style=\"font-weight: 400\">O candidato ao Executivo local pelo MDB, Ibaneis Rocha, visitou, nesta quarta-feira (26\/09), a Feira dos Importados, onde apresentou propostas para o empresariado de Bras\u00edlia. Entre os compromissos firmados pelo ex-presidente da Ordem dos Advogados do Brasil no DF (OAB-DF), est\u00e1 a transforma\u00e7\u00e3o do Banco de Bras\u00edlia (BRB) em uma ag\u00eancia de incentivo aos micro e pequenos empres\u00e1rios.<\/span><\/p>\n<p>&nbsp;<\/p>\n<blockquote><p><span style=\"font-weight: 400\">\u201cVou criar um sistema de cr\u00e9dito social, onde todos os comerciantes possam constituir garantias em conjunto ao BRB, que por sua vez, financiar\u00e1 cada empres\u00e1rio que est\u00e1 come\u00e7ando a sua trajet\u00f3ria neste mercado. Precisamos ter um cuidado maior com o empresariado, e esse projeto vai destravar o DF. Voltaremos a gerar renda, arrecadar tributos e, assim, resolver os problemas de sa\u00fade, educa\u00e7\u00e3o e seguran\u00e7a. Bras\u00edlia tem tudo para crescer, mas para isso, precisa de trabalho&#8221;, apontou o candidato.<\/span><\/p>\n<p>&nbsp;<\/p><\/blockquote>\n<p><span style=\"font-weight: 400\">Al\u00e9m disso, Ibaneis disse que isentar\u00e1 as micro e pequenas empresas que contratarem pelo menos um trabalhador do Imposto sobre Servi\u00e7os (ISS) e do Imposto sobre Circula\u00e7\u00e3o de Mercadorias e Servi\u00e7os (ICMS). &#8220;Hoje, temos cerca de 280 mil micro e pequenas empresas cadastradas no DF. Se pelo menos 100 mil delas fizerem contrata\u00e7\u00f5es, em tr\u00eas meses conseguiremos arrecadar R$ 40 milh\u00f5es s\u00f3 com a inser\u00e7\u00e3o de novas pessoas no mercado de trabalho&#8221;, afirmou Ibaneis.<\/span><\/p>\n<p>&nbsp;<\/p>\n<h2><b>Ascens\u00e3o nas pesquisas eleitorais<\/b><\/h2>\n<h2><\/h2>\n<p><span style=\"font-weight: 400\">Segundo colocado nas inten\u00e7\u00f5es de voto para o Governo do DF, conforme levantamento encomendado pelo <\/span><b>Correio <\/b><span style=\"font-weight: 400\">e realizado pelo Instituto Opini\u00e3o Pol\u00edtica, Ibaneis manteve os p\u00e9s no ch\u00e3o. &#8220;Recebo essa not\u00edcia com muita humildade, mas pesquisa n\u00e3o ganha elei\u00e7\u00e3o. Daqui para frente, ainda temos muito a percorrer para chegar ao Pal\u00e1cio do Buriti e fazer um governo que traga esperan\u00e7a \u00e0 nossa cidade&#8221;, disse.<\/span><\/p>\n<p>&nbsp;<\/p>\n<p><span style=\"font-weight: 400\">Candidato com a menor rejei\u00e7\u00e3o da popula\u00e7\u00e3o e que derrotaria qualquer outro postulante ao governo local em um eventual segundo turno, de acordo com o mesmo estudo, o emedebista acredita que os resultados evidenciem \u201ca vontade de o eleitor brasiliense escolher um governador com ideias inovadoras\u201d. \u201cA popula\u00e7\u00e3o est\u00e1 cansada de pol\u00edticos tradicionais e dos casos de corrup\u00e7\u00e3o, que envergonham os nossos cidad\u00e3os. Chegou a hora de buscar o novo\u201d, destacou.<\/span><\/p>\n","protected":false},"excerpt":{"rendered":"<p>Augusto Fernandes &nbsp; O candidato ao Executivo local pelo MDB, Ibaneis Rocha, visitou, nesta quarta-feira (26\/09), a Feira dos Importados, onde apresentou propostas para o empresariado de Bras\u00edlia. Entre os compromissos firmados pelo ex-presidente da Ordem dos Advogados do Brasil no DF (OAB-DF), est\u00e1 a transforma\u00e7\u00e3o do Banco de Bras\u00edlia (BRB) em uma ag\u00eancia de incentivo aos micro e pequenos [&hellip;]<\/p>\n","protected":false},"author":90,"featured_media":13090,"comment_status":"open","ping_status":"closed","sticky":false,"template":"","format":"standard","meta":{"footnotes":""},"categories":[234],"tags":[807,1524,917,1440],"class_list":["post-13089","post","type-post","status-publish","format-standard","has-post-thumbnail","hentry","category-cb-poder","tag-eleicoes-2018","tag-feiras","tag-ibaneis-rocha","tag-pesquisa"],"_links":{"self":[{"href":"https:\/\/blogs.correiobraziliense.com.br\/cbpoder\/wp-json\/wp\/v2\/posts\/13089","targetHints":{"allow":["GET"]}}],"collection":[{"href":"https:\/\/blogs.correiobraziliense.com.br\/cbpoder\/wp-json\/wp\/v2\/posts"}],"about":[{"href":"https:\/\/blogs.correiobraziliense.com.br\/cbpoder\/wp-json\/wp\/v2\/types\/post"}],"author":[{"embeddable":true,"href":"https:\/\/blogs.correiobraziliense.com.br\/cbpoder\/wp-json\/wp\/v2\/users\/90"}],"replies":[{"embeddable":true,"href":"https:\/\/blogs.correiobraziliense.com.br\/cbpoder\/wp-json\/wp\/v2\/comments?post=13089"}],"version-history":[{"count":1,"href":"https:\/\/blogs.correiobraziliense.com.br\/cbpoder\/wp-json\/wp\/v2\/posts\/13089\/revisions"}],"predecessor-version":[{"id":13091,"href":"https:\/\/blogs.correiobraziliense.com.br\/cbpoder\/wp-json\/wp\/v2\/posts\/13089\/revisions\/13091"}],"wp:featuredmedia":[{"embeddable":true,"href":"https:\/\/blogs.correiobraziliense.com.br\/cbpoder\/wp-json\/wp\/v2\/media\/13090"}],"wp:attachment":[{"href":"https:\/\/blogs.correiobraziliense.com.br\/cbpoder\/wp-json\/wp\/v2\/media?parent=13089"}],"wp:term":[{"taxonomy":"category","embeddable":true,"href":"https:\/\/blogs.correiobraziliense.com.br\/cbpoder\/wp-json\/wp\/v2\/categories?post=13089"},{"taxonomy":"post_tag","embeddable":true,"href":"https:\/\/blogs.correiobraziliense.com.br\/cbpoder\/wp-json\/wp\/v2\/tags?post=13089"}],"curies":[{"name":"wp","href":"https:\/\/api.w.org\/{rel}","templated":true}]}}