{"id":13055,"date":"2018-09-25T14:52:14","date_gmt":"2018-09-25T17:52:14","guid":{"rendered":"https:\/\/blogs.correiobraziliense.com.br\/cbpoder\/?p=13055"},"modified":"2018-09-25T14:52:14","modified_gmt":"2018-09-25T17:52:14","slug":"rollemberg-pretende-revitalizar-w3-sul-em-eventual-novo-mandato","status":"publish","type":"post","link":"https:\/\/blogs.correiobraziliense.com.br\/cbpoder\/rollemberg-pretende-revitalizar-w3-sul-em-eventual-novo-mandato\/","title":{"rendered":"Rollemberg pretende revitalizar a W3 Sul em eventual novo mandato"},"content":{"rendered":"<p><span style=\"font-weight: 400\">O governador e candidato \u00e0 reelei\u00e7\u00e3o Rodrigo Rollemberg (PSB) assegurou, nesta ter\u00e7a-feira (25\/09), que, em eventual novo mandato, revitalizar\u00e1 a W3 Sul. O socialista deu detalhes sobre a proposta durante caminhada na avenida, pela manh\u00e3. As obras come\u00e7ariam pelas quadras 511 e 512, previstas em processo licitat\u00f3rio realizado neste ano. O projeto inclui troca de cal\u00e7adas, amplia\u00e7\u00e3o de estacionamentos, ilumina\u00e7\u00e3o em LED, constru\u00e7\u00e3o de <em>boulevards<\/em> nos becos e adapta\u00e7\u00f5es que garantam acessibilidade. <\/span><\/p>\n<p>&nbsp;<\/p>\n<p><span style=\"font-weight: 400\">De acordo com o socialista, com a proposta, a W3 Sul voltaria a ser &#8220;um dos locais mais bonitos, importantes e agrad\u00e1veis de Bras\u00edlia&#8221;. O projeto impulsionaria, ainda, a atividade comercial da regi\u00e3o. Conforme a Federa\u00e7\u00e3o do Com\u00e9rcio de Bens, Servi\u00e7os e Turismo (Fecom\u00e9rcio-DF), no \u00faltimo m\u00eas, das 750 lojas localizadas na avenida, 168 estavam desocupadas. \u201cQueremos que a popula\u00e7\u00e3o possa desfrutar comprando e utilizando os pontos de encontro\u201d, pontuou Rollemberg. O <\/span><b>Correio <\/b><span style=\"font-weight: 400\">questionou o Pal\u00e1cio do Buriti sobre o custo das obras, mas n\u00e3o obteve retorno at\u00e9 a \u00faltima atualiza\u00e7\u00e3o desta reportagem. <\/span><\/p>\n<p>&nbsp;<\/p>\n<blockquote><p><span style=\"font-weight: 400\">Para estimular o com\u00e9rcio, o socialista ainda pretende criar um programa de incentivos fiscais. \u201cPoderemos reduzir ou isentar do IPTU determinadas atividades econ\u00f4micas que queremos trazer para a W3 Sul\u201d, alegou. Rollemberg, no entanto, n\u00e3o soube precisar quem receberia os benef\u00edcios. \u201cIsso tem de ser constru\u00eddo com comerciantes e urbanistas\u201d, disse. <\/span><\/p>\n<p>&nbsp;<\/p><\/blockquote>\n<p><span style=\"font-weight: 400\">Em rela\u00e7\u00e3o ao transporte local, o candidato afirmou que, se reeleito, trabalhar\u00e1 no projeto que liga o Aeroporto ao Terminal da Asa Norte, passando pela W3 Sul. \u201cVamos elaborar a proposta e garantir recursos para ao menos iniciar as obras. A perspectiva \u00e9 que os recursos venham da Uni\u00e3o ou por meio de financiamentos internacionais e nacionais\u201d, indicou. A expectativa \u00e9 de que a proposi\u00e7\u00e3o custe cerca de R$ 700 milh\u00f5es. <\/span><\/p>\n<p>&nbsp;<\/p>\n<p><span style=\"font-weight: 400\">A agenda de campanha do governador segue \u00e0s 15h30 com a grava\u00e7\u00e3o de v\u00eddeos. \u00c0 noite, Rollemberg participa do 2\u00ba Encontro #CulturaComRollemberg, na Pra\u00e7a Zumbi dos Palmares, em frente ao Conic. <\/span><\/p>\n","protected":false},"excerpt":{"rendered":"<p>O governador e candidato \u00e0 reelei\u00e7\u00e3o Rodrigo Rollemberg (PSB) assegurou, nesta ter\u00e7a-feira (25\/09), que, em eventual novo mandato, revitalizar\u00e1 a W3 Sul. O socialista deu detalhes sobre a proposta durante caminhada na avenida, pela manh\u00e3. As obras come\u00e7ariam pelas quadras 511 e 512, previstas em processo licitat\u00f3rio realizado neste ano. O projeto inclui troca de cal\u00e7adas, amplia\u00e7\u00e3o de estacionamentos, ilumina\u00e7\u00e3o [&hellip;]<\/p>\n","protected":false},"author":90,"featured_media":13056,"comment_status":"open","ping_status":"closed","sticky":false,"template":"","format":"standard","meta":{"footnotes":""},"categories":[234],"tags":[807,1517,193,1516],"class_list":["post-13055","post","type-post","status-publish","format-standard","has-post-thumbnail","hentry","category-cb-poder","tag-eleicoes-2018","tag-revitalizacao","tag-rodrigo-rollemberg","tag-w3-sul"],"_links":{"self":[{"href":"https:\/\/blogs.correiobraziliense.com.br\/cbpoder\/wp-json\/wp\/v2\/posts\/13055","targetHints":{"allow":["GET"]}}],"collection":[{"href":"https:\/\/blogs.correiobraziliense.com.br\/cbpoder\/wp-json\/wp\/v2\/posts"}],"about":[{"href":"https:\/\/blogs.correiobraziliense.com.br\/cbpoder\/wp-json\/wp\/v2\/types\/post"}],"author":[{"embeddable":true,"href":"https:\/\/blogs.correiobraziliense.com.br\/cbpoder\/wp-json\/wp\/v2\/users\/90"}],"replies":[{"embeddable":true,"href":"https:\/\/blogs.correiobraziliense.com.br\/cbpoder\/wp-json\/wp\/v2\/comments?post=13055"}],"version-history":[{"count":1,"href":"https:\/\/blogs.correiobraziliense.com.br\/cbpoder\/wp-json\/wp\/v2\/posts\/13055\/revisions"}],"predecessor-version":[{"id":13057,"href":"https:\/\/blogs.correiobraziliense.com.br\/cbpoder\/wp-json\/wp\/v2\/posts\/13055\/revisions\/13057"}],"wp:featuredmedia":[{"embeddable":true,"href":"https:\/\/blogs.correiobraziliense.com.br\/cbpoder\/wp-json\/wp\/v2\/media\/13056"}],"wp:attachment":[{"href":"https:\/\/blogs.correiobraziliense.com.br\/cbpoder\/wp-json\/wp\/v2\/media?parent=13055"}],"wp:term":[{"taxonomy":"category","embeddable":true,"href":"https:\/\/blogs.correiobraziliense.com.br\/cbpoder\/wp-json\/wp\/v2\/categories?post=13055"},{"taxonomy":"post_tag","embeddable":true,"href":"https:\/\/blogs.correiobraziliense.com.br\/cbpoder\/wp-json\/wp\/v2\/tags?post=13055"}],"curies":[{"name":"wp","href":"https:\/\/api.w.org\/{rel}","templated":true}]}}