{"id":13025,"date":"2018-09-24T15:29:53","date_gmt":"2018-09-24T18:29:53","guid":{"rendered":"https:\/\/blogs.correiobraziliense.com.br\/cbpoder\/?p=13025"},"modified":"2018-09-24T20:35:59","modified_gmt":"2018-09-24T23:35:59","slug":"justica-condena-arruda-a-7-anos-e-6-meses-de-prisao-por-tentar-comprar-testemunha-na-operacao-caixa-de-pandora","status":"publish","type":"post","link":"https:\/\/blogs.correiobraziliense.com.br\/cbpoder\/justica-condena-arruda-a-7-anos-e-6-meses-de-prisao-por-tentar-comprar-testemunha-na-operacao-caixa-de-pandora\/","title":{"rendered":"Justi\u00e7a condena Arruda a 7 anos e 6 meses de pris\u00e3o por tentar comprar testemunha da Pandora"},"content":{"rendered":"<p>ANA MARIA CAMPOS<\/p>\n<p>HELENA MADER<\/p>\n<p>O ex-governador Jos\u00e9 Roberto Arruda (PR) foi condenado a 7 anos e 6 meses de pris\u00e3o em regime fechado, pelos crimes de falsidade ideol\u00f3gica e tentativa de comprar uma testemunha para atrapalhar as investiga\u00e7\u00f5es da Opera\u00e7\u00e3o Caixa de Pandora. Foi com base nessa den\u00fancia que Arruda passou dois meses preso em 2010, quando era governador do Distrito Federal, por decis\u00e3o da Corte Especial do Superior Tribunal de Justi\u00e7a (STJ). A senten\u00e7a foi proferida nesta segunda-feira (23\/09), pelo juiz Newton Mendes de Arag\u00e3o Filho, da 7\u00aa Vara Criminal de Bras\u00edlia. Cabe recurso \u00e0 segunda inst\u00e2ncia.<\/p>\n<p>&nbsp;<\/p>\n<p>Tamb\u00e9m foram condenados o ex-deputado Geraldo Naves, a quatro anos e quatro meses em regime semiaberto; Ant\u00f4nio Bento da Silva, a cinco anos e oito meses em regime semiaberto, e Rodrigo Diniz Arantes, ex-secret\u00e1rio particular de Arruda, a cinco anos e 11 meses em regime semiaberto. No caso de Haroaldo Brasil de Carvalho a pena foi extinta por prescri\u00e7\u00e3o, por ter mais de 70 anos.<\/p>\n<p>&nbsp;<\/p>\n<p>Entre os alvos da a\u00e7\u00e3o penal, o jornalista Weligton Luiz Moraes foi absolvido. O pr\u00f3prio Minist\u00e9rio P\u00fablico do Distrito Federal e Territ\u00f3rios (MDFT) pediu a absolvi\u00e7\u00e3o nas considera\u00e7\u00f5es finais, por considerar que ele n\u00e3o estava envolvido nos crimes.<\/p>\n<p>&nbsp;<\/p>\n<h2><strong>Pris\u00e3o<\/strong><\/h2>\n<p>&nbsp;<\/p>\n<p><span style=\"font-weight: 400\">O processo em que Arruda foi condenado tem rela\u00e7\u00e3o com os fatos que o levaram \u00e0 pris\u00e3o, em fevereiro de 2010, quando ainda estava \u00e0 frente do Governo do Distrito Federal. A pris\u00e3o foi determinada pelo Superior Tribunal de Justi\u00e7a, a pedido da ent\u00e3o subprocuradora-geral da Rep\u00fablica Raquel Dodge, hoje procuradora-geral da Rep\u00fablica.<\/span><\/p>\n<p>&nbsp;<\/p>\n<p><span style=\"font-weight: 400\">O epis\u00f3dio ocorreu em 4 de fevereiro de 2010. Ant\u00f4nio Bento, que \u00e0 \u00e9poca trabalhava no Metr\u00f4-DF, foi flagrado pela Pol\u00edcia Federal em uma lanchonete no Setor Sudoeste, ao entregar R$ 200 mil ao jornalista Edson Sombra &#8211; ligado a Durval Barbosa, delator do esc\u00e2ndalo. O dinheiro faria parte de uma negocia\u00e7\u00e3o de R$ 3 milh\u00f5es para calar a testemunha.<\/span><\/p>\n<p>&nbsp;<\/p>\n<p><span style=\"font-weight: 400\">Informados do encontro, policiais federais filmaram a cena e, logo depois da entrega, prenderam Ant\u00f4nio Bento. Em depoimentos \u00e0 PF, Edson Sombra afirmou que o suborno teria sido negociado em nome do ent\u00e3o governador Jos\u00e9 Roberto Arruda.<\/span><\/p>\n<p>&nbsp;<br \/>\n<strong>Recurso<\/strong><br \/>\nO advogado de Jos\u00e9 Roberto Arruda, Paulo Em\u00edlio Catta Preta, explica que a defesa vai recorrer da senten\u00e7a. \u201cAs teses defensivas foram muito bem comprovadas nos autos e elas afastam a exist\u00eancia dos dois crimes\u201d, diz o advogado. \u201cA gente conseguiu demonstrar na instru\u00e7\u00e3o que n\u00e3o houve nenhum tipo de falsidade ou de oferta de vantagem que tenha sido feita a mando de Arruda \u00e0 pessoa de Edson Sombra. O portador da suposta oferta \u00e9 muito pr\u00f3xima de Sombra e isso ficou comprovado na instru\u00e7\u00e3o probat\u00f3ria\u201d, argumenta Catta Preta. \u201cO crime \u00e9 de suborno a uma testemunha. Mas Sombra nunca foi testemunha da Pandora\u201d, acrescenta o advogado. \u201cH\u00e1 uma s\u00e9rie de demonstra\u00e7\u00f5es muito robustas que foram desconsideradas pela senten\u00e7a\u201d.<\/p>\n<p>&nbsp;<br \/>\nArruda acusa Sombra de ter recebido R$ 300 mil um dia ap\u00f3s o epis\u00f3dio da extors\u00e3o. \u00c0 \u00e9poca, o caso foi investigado pela Pol\u00edcia Civil e pelo Minist\u00e9rio P\u00fablico do DF, que optaram pelo arquivamento das den\u00fancias contra o jornalista. A defesa do ex-governador vai insistir para que haja produ\u00e7\u00e3o de provas a respeito do assunto. \u201cFazemos um apelo ao bom senso. N\u00e3o poderia haver uma condena\u00e7\u00e3o sem que essa quest\u00e3o fosse aprofundada\u201d, argumenta Catta Preta.  <\/p>\n","protected":false},"excerpt":{"rendered":"<p>ANA MARIA CAMPOS HELENA MADER O ex-governador Jos\u00e9 Roberto Arruda (PR) foi condenado a 7 anos e 6 meses de pris\u00e3o em regime fechado, pelos crimes de falsidade ideol\u00f3gica e tentativa de comprar uma testemunha para atrapalhar as investiga\u00e7\u00f5es da Opera\u00e7\u00e3o Caixa de Pandora. Foi com base nessa den\u00fancia que Arruda passou dois meses preso em 2010, quando era governador [&hellip;]<\/p>\n","protected":false},"author":9,"featured_media":10486,"comment_status":"open","ping_status":"closed","sticky":false,"template":"","format":"standard","meta":{"footnotes":""},"categories":[234],"tags":[42,1511,1509,516,1510,1508],"class_list":["post-13025","post","type-post","status-publish","format-standard","has-post-thumbnail","hentry","category-cb-poder","tag-arruda","tag-geraldo-naves","tag-haroaldo","tag-pandora","tag-rodrigo-diniz","tag-weligton-moraes"],"_links":{"self":[{"href":"https:\/\/blogs.correiobraziliense.com.br\/cbpoder\/wp-json\/wp\/v2\/posts\/13025","targetHints":{"allow":["GET"]}}],"collection":[{"href":"https:\/\/blogs.correiobraziliense.com.br\/cbpoder\/wp-json\/wp\/v2\/posts"}],"about":[{"href":"https:\/\/blogs.correiobraziliense.com.br\/cbpoder\/wp-json\/wp\/v2\/types\/post"}],"author":[{"embeddable":true,"href":"https:\/\/blogs.correiobraziliense.com.br\/cbpoder\/wp-json\/wp\/v2\/users\/9"}],"replies":[{"embeddable":true,"href":"https:\/\/blogs.correiobraziliense.com.br\/cbpoder\/wp-json\/wp\/v2\/comments?post=13025"}],"version-history":[{"count":13,"href":"https:\/\/blogs.correiobraziliense.com.br\/cbpoder\/wp-json\/wp\/v2\/posts\/13025\/revisions"}],"predecessor-version":[{"id":13048,"href":"https:\/\/blogs.correiobraziliense.com.br\/cbpoder\/wp-json\/wp\/v2\/posts\/13025\/revisions\/13048"}],"wp:featuredmedia":[{"embeddable":true,"href":"https:\/\/blogs.correiobraziliense.com.br\/cbpoder\/wp-json\/wp\/v2\/media\/10486"}],"wp:attachment":[{"href":"https:\/\/blogs.correiobraziliense.com.br\/cbpoder\/wp-json\/wp\/v2\/media?parent=13025"}],"wp:term":[{"taxonomy":"category","embeddable":true,"href":"https:\/\/blogs.correiobraziliense.com.br\/cbpoder\/wp-json\/wp\/v2\/categories?post=13025"},{"taxonomy":"post_tag","embeddable":true,"href":"https:\/\/blogs.correiobraziliense.com.br\/cbpoder\/wp-json\/wp\/v2\/tags?post=13025"}],"curies":[{"name":"wp","href":"https:\/\/api.w.org\/{rel}","templated":true}]}}