{"id":13005,"date":"2018-09-20T21:59:09","date_gmt":"2018-09-21T00:59:09","guid":{"rendered":"https:\/\/blogs.correiobraziliense.com.br\/cbpoder\/?p=13005"},"modified":"2018-09-20T21:59:09","modified_gmt":"2018-09-21T00:59:09","slug":"tre-df-determina-realizacao-de-audiencia-de-custodia-para-prisao-por-crime-eleitoral-grave","status":"publish","type":"post","link":"https:\/\/blogs.correiobraziliense.com.br\/cbpoder\/tre-df-determina-realizacao-de-audiencia-de-custodia-para-prisao-por-crime-eleitoral-grave\/","title":{"rendered":"TRE-DF determina realiza\u00e7\u00e3o de audi\u00eancia de cust\u00f3dia para pris\u00e3o por crime eleitoral grave"},"content":{"rendered":"<p><strong>Alexandre de Paula<\/strong><\/p>\n<p>&nbsp;<\/p>\n<p><span style=\"font-weight: 400\">O Tribunal Regional Eleitoral do Distrito Federal (TRE-DF) aprovou por unanimidade, nesta quinta-feira (20\/09), resolu\u00e7\u00e3o que determina a realiza\u00e7\u00e3o de audi\u00eancias de cust\u00f3dia para crimes eleitorais no \u00e2mbito do primeiro grau da Justi\u00e7a Eleitoral do DF. As audi\u00eancias ser\u00e3o feitas apenas para o caso de pris\u00e3o pela Pol\u00edcia Federal por crimes eleitorais considerados graves. A audi\u00eancia de cust\u00f3dia \u00e9 usada para que uma autoridade judicial avalie, no prazo de 24 horas, a legalidade e a necessidade da manuten\u00e7\u00e3o de pris\u00e3o em flagrante.<\/span><\/p>\n<p>&nbsp;<\/p>\n<p><span style=\"font-weight: 400\">As audi\u00eancias ser\u00e3o realizadas na sede do pr\u00f3prio TRE-DF por um juiz que ainda ser\u00e1 escolhido para a fun\u00e7\u00e3o. Relator da proposta, o desembargador Waldir Le\u00f4ncio Junior destacou que a a\u00e7\u00e3o envolve log\u00edstica complexa, em parceria com a Pol\u00edcia Civil, a Pol\u00edcia Federal e o Minist\u00e9rio P\u00fablico Eleitoral, al\u00e9m de outros \u00f3rg\u00e3os. \u201c\u00c9 um esfor\u00e7o concentrado muito grande\u201d, disse o magistrado.<\/span><\/p>\n<p>&nbsp;<\/p>\n<blockquote><p><span style=\"font-weight: 400\">Apesar de toda a prepara\u00e7\u00e3o, o magistrado acredita que n\u00e3o ser\u00e1 necess\u00e1rio utilizar o recurso, tendo em vista que a maior parte dos crimes eleitorais s\u00e3o os de menor potencial ofensivo (quando n\u00e3o \u00e9 preciso realizar as audi\u00eancias). Nas \u00faltimas elei\u00e7\u00f5es, n\u00e3o houve pris\u00e3o em flagrante por crime grave.<\/span><\/p>\n<p>&nbsp;<\/p><\/blockquote>\n<p><span style=\"font-weight: 400\">\u201cA expectativa \u00e9 de que n\u00e3o teremos a necessidade de utilizar essa log\u00edstica. A maior parte dos crimes ser\u00e3o lavrados pelas Delegacias de Pol\u00edcia sem a necessidade de audi\u00eancias de cust\u00f3dia\u201d, declarou o desembargador. Esta ser\u00e1 a primeira vez que o DF poder\u00e1 ter audi\u00eancias de cust\u00f3dia para a pris\u00e3o por crimes eleitorais.<\/span><\/p>\n<p>&nbsp;<\/p>\n<p><span style=\"font-weight: 400\">Le\u00f4ncio destacou que haver\u00e1, na sexta-feira (20\/8), um encontro preparat\u00f3rio com ju\u00edzes eleitorais para a prepar\u00e1-los para o pleito deste ano.<\/span><\/p>\n","protected":false},"excerpt":{"rendered":"<p>Alexandre de Paula &nbsp; O Tribunal Regional Eleitoral do Distrito Federal (TRE-DF) aprovou por unanimidade, nesta quinta-feira (20\/09), resolu\u00e7\u00e3o que determina a realiza\u00e7\u00e3o de audi\u00eancias de cust\u00f3dia para crimes eleitorais no \u00e2mbito do primeiro grau da Justi\u00e7a Eleitoral do DF. As audi\u00eancias ser\u00e3o feitas apenas para o caso de pris\u00e3o pela Pol\u00edcia Federal por crimes eleitorais considerados graves. A audi\u00eancia [&hellip;]<\/p>\n","protected":false},"author":90,"featured_media":11746,"comment_status":"open","ping_status":"closed","sticky":false,"template":"","format":"standard","meta":{"footnotes":""},"categories":[234],"tags":[1502,807,675],"class_list":["post-13005","post","type-post","status-publish","format-standard","has-post-thumbnail","hentry","category-cb-poder","tag-audiencia-de-custodia","tag-eleicoes-2018","tag-tre-df"],"_links":{"self":[{"href":"https:\/\/blogs.correiobraziliense.com.br\/cbpoder\/wp-json\/wp\/v2\/posts\/13005","targetHints":{"allow":["GET"]}}],"collection":[{"href":"https:\/\/blogs.correiobraziliense.com.br\/cbpoder\/wp-json\/wp\/v2\/posts"}],"about":[{"href":"https:\/\/blogs.correiobraziliense.com.br\/cbpoder\/wp-json\/wp\/v2\/types\/post"}],"author":[{"embeddable":true,"href":"https:\/\/blogs.correiobraziliense.com.br\/cbpoder\/wp-json\/wp\/v2\/users\/90"}],"replies":[{"embeddable":true,"href":"https:\/\/blogs.correiobraziliense.com.br\/cbpoder\/wp-json\/wp\/v2\/comments?post=13005"}],"version-history":[{"count":1,"href":"https:\/\/blogs.correiobraziliense.com.br\/cbpoder\/wp-json\/wp\/v2\/posts\/13005\/revisions"}],"predecessor-version":[{"id":13006,"href":"https:\/\/blogs.correiobraziliense.com.br\/cbpoder\/wp-json\/wp\/v2\/posts\/13005\/revisions\/13006"}],"wp:featuredmedia":[{"embeddable":true,"href":"https:\/\/blogs.correiobraziliense.com.br\/cbpoder\/wp-json\/wp\/v2\/media\/11746"}],"wp:attachment":[{"href":"https:\/\/blogs.correiobraziliense.com.br\/cbpoder\/wp-json\/wp\/v2\/media?parent=13005"}],"wp:term":[{"taxonomy":"category","embeddable":true,"href":"https:\/\/blogs.correiobraziliense.com.br\/cbpoder\/wp-json\/wp\/v2\/categories?post=13005"},{"taxonomy":"post_tag","embeddable":true,"href":"https:\/\/blogs.correiobraziliense.com.br\/cbpoder\/wp-json\/wp\/v2\/tags?post=13005"}],"curies":[{"name":"wp","href":"https:\/\/api.w.org\/{rel}","templated":true}]}}