{"id":12999,"date":"2018-09-20T15:13:52","date_gmt":"2018-09-20T18:13:52","guid":{"rendered":"https:\/\/blogs.correiobraziliense.com.br\/cbpoder\/?p=12999"},"modified":"2018-09-20T15:13:52","modified_gmt":"2018-09-20T18:13:52","slug":"leila-do-volei-se-consolida-na-lideranca-da-disputa-pelo-senado-cristovam-aparece-em-segundo","status":"publish","type":"post","link":"https:\/\/blogs.correiobraziliense.com.br\/cbpoder\/leila-do-volei-se-consolida-na-lideranca-da-disputa-pelo-senado-cristovam-aparece-em-segundo\/","title":{"rendered":"Leila do V\u00f4lei se consolida na lideran\u00e7a da disputa pelo Senado; Cristovam aparece em segundo"},"content":{"rendered":"<div dir=\"auto\">\n<p><span style=\"font-weight: 400\">Pesquisa do Instituto Datafolha, divulgada \u00e0 0h desta quinta-feira (20\/09), mostra que Leila do V\u00f4lei (PSB) lidera, com 31% das inten\u00e7\u00f5es de voto, a corrida pelo Senado Federal. Na segunda posi\u00e7\u00e3o, aparece Cristovam Buarque (PPS), o qual tenta a reelei\u00e7\u00e3o e atingiu 23%. O levantamento foi encomendado pela TV Globo e pelo jornal <\/span><i><span style=\"font-weight: 400\">Folha de S.Paulo<\/span><\/i><span style=\"font-weight: 400\">.<\/span><\/p>\n<p><span style=\"font-weight: 400\">O deputado federal Izalci Lucas (PSDB) alcan\u00e7ou 18%. Com 16%, o distrital Chico Leite (Rede) ocupa a quarta coloca\u00e7\u00e3o. O petista Wasny de Roure chegou a 11%. Pastor da Comunidade Crist\u00e3 Minist\u00e9rio da F\u00e9, Fadi Faraj (PRP) \u00e9 a prefer\u00eancia de 6% dos entrevistados.<\/span><\/p>\n<p><span style=\"font-weight: 400\">O empres\u00e1rio e presidente da Uni\u00e3o Qu\u00edmica Fernando Marques (Solidariedade) tem 3% das inten\u00e7\u00f5es de voto. Com 2%, est\u00e3o empatados Brigadeiro \u00c1tila Maia (PRTB), Helio Queiroz (PP), Juiz Everardo Ribeiro (PMN), Marcelo Neves (PT), Marivaldo Pereira (PSol) e Professora Am\u00e1bile (PR). Atingiram 1% Chico Sant&#8217;Anna (PSol), Danilo Matoso (PCO), Jo\u00e3o Pedro Ferraz (PPL) e Robson (PSTU). <\/span><\/p>\n<p><span style=\"font-weight: 400\">Este \u00e9 o terceiro levantamento do Datafolha realizado depois da oficializa\u00e7\u00e3o das candidaturas na Justi\u00e7a Eleitoral. O instituto ouviu 914 pessoas entre 18 e 19 de setembro. A margem de erro \u00e9 de tr\u00eas pontos percentuais. Como os eleitores votam duas vezes para senador neste ano, os percentuais apurados na pesquisa somam 200%.<\/span><\/p>\n<\/div>\n<div dir=\"auto\"><\/div>\n<div dir=\"auto\">\n<span style=\"font-weight: 400\">Em rela\u00e7\u00e3o ao levantamento anterior, realizado entre 4 e 6 setembro, Leila do V\u00f4lei subiu nove pontos percentuais, se consolidando na dianteira. Cristovam oscilou positivamente em dois pontos. O tucano Izalci Lucas caiu de 20% para 19%. Chico Leite e Wasny de Roure subiram em dois pontos percentuais. Fadi Faraj manteve o \u00edndice de inten\u00e7\u00e3o de votos. <\/span><\/p>\n<\/div>\n<p dir=\"auto\">\n<h3>Confira as inten\u00e7\u00f5es de voto:<\/h3>\n<div dir=\"auto\"><\/div>\n<div dir=\"auto\">Leila do V\u00f4lei (PSB): 31%<\/div>\n<div dir=\"auto\"><\/div>\n<div dir=\"auto\">Cristovam Buarque (PPS): 23%<\/div>\n<div dir=\"auto\"><\/div>\n<div dir=\"auto\">Izalci (PSDB): 18%<\/div>\n<div dir=\"auto\"><\/div>\n<div dir=\"auto\">Chico Leite (Rede): 16%<\/div>\n<div dir=\"auto\"><\/div>\n<div dir=\"auto\">Wasny (PT): 11%<\/div>\n<div dir=\"auto\"><\/div>\n<div dir=\"auto\">Fadi Faraj (PRP): 6%<\/div>\n<div dir=\"auto\"><\/div>\n<div dir=\"auto\">Fernando Marques (SD): 3%<\/div>\n<div dir=\"auto\"><\/div>\n<div dir=\"auto\">Brigadeiro \u00c1tila Maia (PRTB): 2%<\/div>\n<div dir=\"auto\"><\/div>\n<div dir=\"auto\">Helio Queiroz (PP): 2%<\/div>\n<div dir=\"auto\"><\/div>\n<div dir=\"auto\">Juiz Everardo Ribeiro (PMN): 2%<\/div>\n<div dir=\"auto\"><\/div>\n<div dir=\"auto\">Marcelo Neves (PT): 2%<\/div>\n<div dir=\"auto\"><\/div>\n<div dir=\"auto\">Marivaldo Pereira (PSOL): 2%<\/div>\n<div dir=\"auto\"><\/div>\n<div dir=\"auto\">Paulo Roque (Novo): 2%<\/div>\n<div dir=\"auto\"><\/div>\n<div dir=\"auto\">Professora Am\u00e1bile (PR): 2%<\/div>\n<div dir=\"auto\"><\/div>\n<div dir=\"auto\">Chico Sant\u2019Anna (PSOL): 1%<\/div>\n<div dir=\"auto\"><\/div>\n<div dir=\"auto\">Danilo Matoso (PCO): 1%<\/div>\n<div dir=\"auto\"><\/div>\n<div dir=\"auto\">Jo\u00e3o Pedro Ferraz (PPL): 1%<\/div>\n<div dir=\"auto\"><\/div>\n<div dir=\"auto\">Robson (PSTU): 1%<\/div>\n<div dir=\"auto\"><\/div>\n<div dir=\"auto\">Walisson Nascimento (PTB): 0%<\/div>\n<div dir=\"auto\"><\/div>\n<div dir=\"auto\">Romilda Teixeira (PSDB): 0%<\/div>\n<div dir=\"auto\"><\/div>\n<div dir=\"auto\">Em branco\/nulo\/nenhum para 1\u00aa vaga: 19%<\/div>\n<div dir=\"auto\"><\/div>\n<div dir=\"auto\">Em branco\/nulo\/nenhum para 2\u00aa vaga: 25%<\/div>\n<div dir=\"auto\"><\/div>\n<div dir=\"auto\">N\u00e3o sabe para 1\u00aa vaga: 11%<\/div>\n<div dir=\"auto\"><\/div>\n<div dir=\"auto\">N\u00e3o sabe para 2\u00aa vaga: 19%<\/div>\n","protected":false},"excerpt":{"rendered":"<p>Pesquisa do Instituto Datafolha, divulgada \u00e0 0h desta quinta-feira (20\/09), mostra que Leila do V\u00f4lei (PSB) lidera, com 31% das inten\u00e7\u00f5es de voto, a corrida pelo Senado Federal. Na segunda posi\u00e7\u00e3o, aparece Cristovam Buarque (PPS), o qual tenta a reelei\u00e7\u00e3o e atingiu 23%. O levantamento foi encomendado pela TV Globo e pelo jornal Folha de S.Paulo. O deputado federal Izalci [&hellip;]<\/p>\n","protected":false},"author":90,"featured_media":12135,"comment_status":"open","ping_status":"closed","sticky":false,"template":"","format":"standard","meta":{"footnotes":""},"categories":[234],"tags":[596,1501,807,1408,62],"class_list":["post-12999","post","type-post","status-publish","format-standard","has-post-thumbnail","hentry","category-cb-poder","tag-cristovam-buarque","tag-datafolha","tag-eleicoes-2018","tag-leila-do-volei","tag-senado"],"_links":{"self":[{"href":"https:\/\/blogs.correiobraziliense.com.br\/cbpoder\/wp-json\/wp\/v2\/posts\/12999","targetHints":{"allow":["GET"]}}],"collection":[{"href":"https:\/\/blogs.correiobraziliense.com.br\/cbpoder\/wp-json\/wp\/v2\/posts"}],"about":[{"href":"https:\/\/blogs.correiobraziliense.com.br\/cbpoder\/wp-json\/wp\/v2\/types\/post"}],"author":[{"embeddable":true,"href":"https:\/\/blogs.correiobraziliense.com.br\/cbpoder\/wp-json\/wp\/v2\/users\/90"}],"replies":[{"embeddable":true,"href":"https:\/\/blogs.correiobraziliense.com.br\/cbpoder\/wp-json\/wp\/v2\/comments?post=12999"}],"version-history":[{"count":3,"href":"https:\/\/blogs.correiobraziliense.com.br\/cbpoder\/wp-json\/wp\/v2\/posts\/12999\/revisions"}],"predecessor-version":[{"id":13002,"href":"https:\/\/blogs.correiobraziliense.com.br\/cbpoder\/wp-json\/wp\/v2\/posts\/12999\/revisions\/13002"}],"wp:featuredmedia":[{"embeddable":true,"href":"https:\/\/blogs.correiobraziliense.com.br\/cbpoder\/wp-json\/wp\/v2\/media\/12135"}],"wp:attachment":[{"href":"https:\/\/blogs.correiobraziliense.com.br\/cbpoder\/wp-json\/wp\/v2\/media?parent=12999"}],"wp:term":[{"taxonomy":"category","embeddable":true,"href":"https:\/\/blogs.correiobraziliense.com.br\/cbpoder\/wp-json\/wp\/v2\/categories?post=12999"},{"taxonomy":"post_tag","embeddable":true,"href":"https:\/\/blogs.correiobraziliense.com.br\/cbpoder\/wp-json\/wp\/v2\/tags?post=12999"}],"curies":[{"name":"wp","href":"https:\/\/api.w.org\/{rel}","templated":true}]}}