{"id":12975,"date":"2018-09-18T12:16:23","date_gmt":"2018-09-18T15:16:23","guid":{"rendered":"https:\/\/blogs.correiobraziliense.com.br\/cbpoder\/?p=12975"},"modified":"2018-09-18T12:16:23","modified_gmt":"2018-09-18T15:16:23","slug":"produtora-do-na-praia-e-investigada-por-organizacao-criminosa-e-lavagem-de-dinheiro","status":"publish","type":"post","link":"https:\/\/blogs.correiobraziliense.com.br\/cbpoder\/produtora-do-na-praia-e-investigada-por-organizacao-criminosa-e-lavagem-de-dinheiro\/","title":{"rendered":"Produtora do Na Praia \u00e9 investigada por organiza\u00e7\u00e3o criminosa e lavagem de dinheiro"},"content":{"rendered":"<p dir=\"ltr\"><strong>ALEXANDRE DE PAULA<\/strong><\/p>\n<p dir=\"ltr\">\n<p dir=\"ltr\">Organiza\u00e7\u00e3o criminosa, lavagem de dinheiro e estelionato contra a administra\u00e7\u00e3o p\u00fablica s\u00e3o os crimes investigados pela Opera\u00e7\u00e3o Praia de Goa da Pol\u00edcia Civil do DF,\u00a0 que cumpriu 15 mandados de busca e apreens\u00e3o na manh\u00e3 desta ter\u00e7a-feira (18\/9) para apurar irregularidades em eventos da produtora R2, que organiza os eventos Na Praia e Carnaval no Parque.<\/p>\n<p>&nbsp;<\/p>\n<p dir=\"ltr\">De acordo com as investiga\u00e7\u00f5es \u2014 \u00a0a cargo da Divis\u00e3o de Repress\u00e3o \u00e0 Corrup\u00e7\u00e3o e aos Crimes contra a Administra\u00e7\u00e3o P\u00fablica (Dicap) da Coordena\u00e7\u00e3o de Combate ao Crime Organizado, aos Crimes contra a Administra\u00e7\u00e3o P\u00fablica e contra a Ordem Tribut\u00e1ria (CECOR) \u2014, a R2 utilizou benef\u00edcios da Lei de Incentivo \u00e0 Cultura para bancar os eventos privados, com alto potencial lucrativo. O Minist\u00e9rio P\u00fablico do DF (MPDFT) tamb\u00e9m acompanha as investiga\u00e7\u00f5es, que tiveram in\u00edcio em 2016.<\/p>\n<p>&nbsp;<\/p>\n<p dir=\"ltr\">Segundo os ind\u00edcios, a produtora praticou irregularidades na capta\u00e7\u00e3o de recursos para cinco eventos de car\u00e1ter social. Os cerca de R$ 3,7 milh\u00f5es obtidos pela R2 entre 2016 e 2017 deveriam ser usados apenas para as edi\u00e7\u00f5es do Na Praia Social, Na Praia Cultural e do Parque da Alegria (ligado ao Carnaval do Parque). O dinheiro, no entanto, era utilizado para custear a estrutura dos eventos particulares, como shows, que cobravam ingressos\u00a0ao custo de, em m\u00e9dia, R$ 300.<\/p>\n<p>&nbsp;<\/p>\n<blockquote>\n<p dir=\"ltr\">\u201cVerificamos que houve ind\u00edcios do uso do recurso p\u00fablico para cobrir os custos de eventos particulares. As investiga\u00e7\u00f5es mostram tamb\u00e9m que s\u00f3cios da empresa atuavam como funcion\u00e1rios para receber altos sal\u00e1rios nos eventos sociais\u201d, explicou o delegado da \u00a0Divis\u00e3o de Repress\u00e3o \u00e0 Corrup\u00e7\u00e3o e aos Crimes contra a Administra\u00e7\u00e3o P\u00fablica (Dicap) Wenderson Telles.<\/p>\n<p>&nbsp;<\/p><\/blockquote>\n<p dir=\"ltr\">Al\u00e9m disso, a R2, segundo a apura\u00e7\u00e3o, superfaturava o custo das estruturas utilizadas nos eventos beneficiados pela Lei de Incentivo \u00e0 Cultura. Os geradores usados, por exemplo, eram 59% mais caros do que o valor de mercado praticados pela mesma empresa, de acordo com a investiga\u00e7\u00e3o.<\/p>\n<p>&nbsp;<\/p>\n<p dir=\"ltr\">\u201cO que era feito \u00e9 que a maior parte do dinheiro captado era usado para pagar uma estrutura que j\u00e1 estava l\u00e1. Se havia cinco dias de evento privado, apenas um era para o evento social e os gastos com a estrutura eram descontados dos valores captados pela Lei de Incentivo\u201d, explicou Wendell.<\/p>\n<p>&nbsp;<\/p>\n<h2>\u00d3rg\u00e3os p\u00fablicos<\/h2>\n<p>&nbsp;<\/p>\n<p dir=\"ltr\">Os 15 mandados de busca e apreens\u00e3o foram cumpridos em quatro \u00f3rg\u00e3os p\u00fablicos, em duas empresas e em nove resid\u00eancias. As Secretarias de Cultura e de Esportes, al\u00e9m das administra\u00e7\u00f5es regionais de Bras\u00edlia e do Lago Norte, foram alvo das devassas para a coleta de documentos. \u201cA inten\u00e7\u00e3o \u00e9 evitar que os processos relacionados ao caso sejam adulterados\u201d, explicou o delegado.<\/p>\n<p>&nbsp;<\/p>\n<p dir=\"ltr\">Esta fase da opera\u00e7\u00e3o n\u00e3o investiga servidores p\u00fablicos, mas a PCDF acredita que o caso pode chegar a agentes do estado. \u201cVamos apurar se n\u00e3o h\u00e1 servidores envolvidos. As investiga\u00e7\u00f5es mostram que projetos semelhantes n\u00e3o foram aprovados no mesmo per\u00edodo em que os da R2 foram\u201d, disse o delegado Maur\u00edlio Coelho, tamb\u00e9m da Divis\u00e3o de Repress\u00e3o \u00e0 Corrup\u00e7\u00e3o e aos Crimes contra a Administra\u00e7\u00e3o P\u00fablica (Dicap).\u00a0Segundo os policiais, chama a aten\u00e7\u00e3o o fato de uma comissionada da Secretaria de Cultura, cujo nome n\u00e3o foi revelado, ter passado a trabalhar na produtora.<\/p>\n<p>&nbsp;<\/p>\n<h2>Outro lado<\/h2>\n<p>&nbsp;<\/p>\n<p dir=\"ltr\">Em nota, a R2 contestou as acusa\u00e7\u00f5es. \u201cA R2 produ\u00e7\u00f5es manifesta absoluta surpresa e incompreens\u00e3o diante da desproporcional medida anunciada na manh\u00e3 desta ter\u00e7a-feira (18). A empresa jamais foi chamada a prestar qualquer tipo de esclarecimento e nenhum dos s\u00f3cios foi instado a dar informa\u00e7\u00f5es. Todos os documentos relativos aos projetos da empresa s\u00e3o p\u00fablicos e sujeitos a qualquer tipo de apura\u00e7\u00e3o. As presta\u00e7\u00f5es de contas dos empreendimentos atendem ao calend\u00e1rio legal e n\u00e3o h\u00e1 pend\u00eancias em rela\u00e7\u00e3o \u00e0s mesmas. A empresa reitera a integral lisura de suas atividades, sua postura colaborativa com a justi\u00e7a e demais institui\u00e7\u00f5es e permanece \u00e0 disposi\u00e7\u00e3o para ajudar na elucida\u00e7\u00e3o deste ou de qualquer outro procedimento\u201d, diz o texto.<\/p>\n","protected":false},"excerpt":{"rendered":"<p>ALEXANDRE DE PAULA Organiza\u00e7\u00e3o criminosa, lavagem de dinheiro e estelionato contra a administra\u00e7\u00e3o p\u00fablica s\u00e3o os crimes investigados pela Opera\u00e7\u00e3o Praia de Goa da Pol\u00edcia Civil do DF,\u00a0 que cumpriu 15 mandados de busca e apreens\u00e3o na manh\u00e3 desta ter\u00e7a-feira (18\/9) para apurar irregularidades em eventos da produtora R2, que organiza os eventos Na Praia e Carnaval no Parque. &nbsp; [&hellip;]<\/p>\n","protected":false},"author":90,"featured_media":12976,"comment_status":"open","ping_status":"closed","sticky":false,"template":"","format":"standard","meta":{"footnotes":""},"categories":[234],"tags":[1084,594,1494,1495,1493],"class_list":["post-12975","post","type-post","status-publish","format-standard","has-post-thumbnail","hentry","category-cb-poder","tag-estelionato","tag-lavagem-de-dinheiro","tag-operacao-praia-de-goa","tag-organizacao-criminosa","tag-produtora-na-praia"],"_links":{"self":[{"href":"https:\/\/blogs.correiobraziliense.com.br\/cbpoder\/wp-json\/wp\/v2\/posts\/12975","targetHints":{"allow":["GET"]}}],"collection":[{"href":"https:\/\/blogs.correiobraziliense.com.br\/cbpoder\/wp-json\/wp\/v2\/posts"}],"about":[{"href":"https:\/\/blogs.correiobraziliense.com.br\/cbpoder\/wp-json\/wp\/v2\/types\/post"}],"author":[{"embeddable":true,"href":"https:\/\/blogs.correiobraziliense.com.br\/cbpoder\/wp-json\/wp\/v2\/users\/90"}],"replies":[{"embeddable":true,"href":"https:\/\/blogs.correiobraziliense.com.br\/cbpoder\/wp-json\/wp\/v2\/comments?post=12975"}],"version-history":[{"count":1,"href":"https:\/\/blogs.correiobraziliense.com.br\/cbpoder\/wp-json\/wp\/v2\/posts\/12975\/revisions"}],"predecessor-version":[{"id":12977,"href":"https:\/\/blogs.correiobraziliense.com.br\/cbpoder\/wp-json\/wp\/v2\/posts\/12975\/revisions\/12977"}],"wp:featuredmedia":[{"embeddable":true,"href":"https:\/\/blogs.correiobraziliense.com.br\/cbpoder\/wp-json\/wp\/v2\/media\/12976"}],"wp:attachment":[{"href":"https:\/\/blogs.correiobraziliense.com.br\/cbpoder\/wp-json\/wp\/v2\/media?parent=12975"}],"wp:term":[{"taxonomy":"category","embeddable":true,"href":"https:\/\/blogs.correiobraziliense.com.br\/cbpoder\/wp-json\/wp\/v2\/categories?post=12975"},{"taxonomy":"post_tag","embeddable":true,"href":"https:\/\/blogs.correiobraziliense.com.br\/cbpoder\/wp-json\/wp\/v2\/tags?post=12975"}],"curies":[{"name":"wp","href":"https:\/\/api.w.org\/{rel}","templated":true}]}}