{"id":12950,"date":"2018-09-17T21:33:07","date_gmt":"2018-09-18T00:33:07","guid":{"rendered":"https:\/\/blogs.correiobraziliense.com.br\/cbpoder\/?p=12950"},"modified":"2018-09-17T21:33:07","modified_gmt":"2018-09-18T00:33:07","slug":"pesquisa-ibope-para-o-gdf-pedrosa-continua-na-lideranca-e-ibaneis-encosta-no-primeiro-pelotao","status":"publish","type":"post","link":"https:\/\/blogs.correiobraziliense.com.br\/cbpoder\/pesquisa-ibope-para-o-gdf-pedrosa-continua-na-lideranca-e-ibaneis-encosta-no-primeiro-pelotao\/","title":{"rendered":"Pesquisa Ibope para o GDF: Eliana continua na lideran\u00e7a e Ibaneis encosta no primeiro pelot\u00e3o"},"content":{"rendered":"<p>PEDRO GRIGORI<\/p>\n<p>Se as elei\u00e7\u00f5es fossem hoje, 22% dos brasilienses votariam em Eliana Pedrosa (Pros) para governadora do Distrito Federal. Os n\u00fameros s\u00e3o da pesquisa de inten\u00e7\u00e3o de voto do Ibope, encomendada pela Rede Globo e divulgada nesta segunda-feira (17\/9).<\/p>\n<p>O levantamento ouviu 1204 eleitores de todas as regi\u00f5es do DF entre 14 e 16 de setembro, e mostra tamb\u00e9m que a ex-distrital venceria todos os oponentes no segundo turno.<\/p>\n<p>Alberto Fraga (DEM) subiu um ponto percentual em rela\u00e7\u00e3o a \u00faltima pesquisa, realizada entre 9 e 11 de setembro, e chegou a 14%. O cen\u00e1rio hoje \u00e9 de segundo turno entre Eliana e Fraga.<\/p>\n<p>Fora do segundo turno, o governador Rodrigo Rollemberg (PSB), que disputa \u00e0 reelei\u00e7\u00e3o, caiu um ponto percentual e marcou 11%. Rog\u00e9rio Rosso (PSD) se manteve com 10%, e Ibaneis (MDB) subiu dois pontos percentuais e marcou 9%, se aproximando dos quatro primeiros colocados.<\/p>\n<p>A margem de erro \u00e9 de 3 pontos percentuais para mais ou para menos, e o n\u00edvel de confian\u00e7a \u00e9 de 95%.<\/p>\n<p>Confira os n\u00fameros:<\/p>\n<p>Eliana Pedrosa (Pros): 22%<\/p>\n<p>Alberto Fraga (DEM): 14%<\/p>\n<p>Rodrigo Rollemberg (PSB): 11%<\/p>\n<p>Rog\u00e9rio Rosso (PSD): 10%<\/p>\n<p>Ibaneis (MDB): 9%<\/p>\n<p>Miragaya (PT): 3%<\/p>\n<p>General Paulo Chagas (PRP): 3%<\/p>\n<p>Alexandre Guerra (Novo): 3%<\/p>\n<p>F\u00e1tima Sousa (PSOL): 1%<\/p>\n<p>Renan Rosa (PCO): 1%<\/p>\n<p>Guillen (PSTU): 0%<\/p>\n<p>Brancos\/nulos: 13%<\/p>\n<p>N\u00e3o sabe: 8%<\/p>\n<p>A ordem dos cinco primeiros colocados \u00e9 a mesma da pesquisa do <a href=\"\/\/www.correiobraziliense.com.br\/app\/noticia\/cidades\/2018\/09\/12\/interna_cidadesdf,705383\/eliana-se-descola-e-tres-brigam-pelo-2-lugar-mostra-pesquisa.shtml\">Instituto Opini\u00e3o Pol\u00edtica<\/a>, encomendada pelo Correio Braziliense e divulgada na \u00faltima quarta-feira (12\/9). No levantamento, Pedrosa marcava 19,1%, Fraga 13,2% e Rollemberg 12,1%.<\/p>\n<p>&nbsp;<\/p>\n","protected":false},"excerpt":{"rendered":"<p>PEDRO GRIGORI Se as elei\u00e7\u00f5es fossem hoje, 22% dos brasilienses votariam em Eliana Pedrosa (Pros) para governadora do Distrito Federal. Os n\u00fameros s\u00e3o da pesquisa de inten\u00e7\u00e3o de voto do Ibope, encomendada pela Rede Globo e divulgada nesta segunda-feira (17\/9). O levantamento ouviu 1204 eleitores de todas as regi\u00f5es do DF entre 14 e 16 de setembro, e mostra tamb\u00e9m [&hellip;]<\/p>\n","protected":false},"author":9,"featured_media":12616,"comment_status":"open","ping_status":"closed","sticky":false,"template":"","format":"standard","meta":{"footnotes":""},"categories":[234],"tags":[1490],"class_list":["post-12950","post","type-post","status-publish","format-standard","has-post-thumbnail","hentry","category-cb-poder","tag-eleicoes-2018-eliana"],"_links":{"self":[{"href":"https:\/\/blogs.correiobraziliense.com.br\/cbpoder\/wp-json\/wp\/v2\/posts\/12950","targetHints":{"allow":["GET"]}}],"collection":[{"href":"https:\/\/blogs.correiobraziliense.com.br\/cbpoder\/wp-json\/wp\/v2\/posts"}],"about":[{"href":"https:\/\/blogs.correiobraziliense.com.br\/cbpoder\/wp-json\/wp\/v2\/types\/post"}],"author":[{"embeddable":true,"href":"https:\/\/blogs.correiobraziliense.com.br\/cbpoder\/wp-json\/wp\/v2\/users\/9"}],"replies":[{"embeddable":true,"href":"https:\/\/blogs.correiobraziliense.com.br\/cbpoder\/wp-json\/wp\/v2\/comments?post=12950"}],"version-history":[{"count":1,"href":"https:\/\/blogs.correiobraziliense.com.br\/cbpoder\/wp-json\/wp\/v2\/posts\/12950\/revisions"}],"predecessor-version":[{"id":12951,"href":"https:\/\/blogs.correiobraziliense.com.br\/cbpoder\/wp-json\/wp\/v2\/posts\/12950\/revisions\/12951"}],"wp:featuredmedia":[{"embeddable":true,"href":"https:\/\/blogs.correiobraziliense.com.br\/cbpoder\/wp-json\/wp\/v2\/media\/12616"}],"wp:attachment":[{"href":"https:\/\/blogs.correiobraziliense.com.br\/cbpoder\/wp-json\/wp\/v2\/media?parent=12950"}],"wp:term":[{"taxonomy":"category","embeddable":true,"href":"https:\/\/blogs.correiobraziliense.com.br\/cbpoder\/wp-json\/wp\/v2\/categories?post=12950"},{"taxonomy":"post_tag","embeddable":true,"href":"https:\/\/blogs.correiobraziliense.com.br\/cbpoder\/wp-json\/wp\/v2\/tags?post=12950"}],"curies":[{"name":"wp","href":"https:\/\/api.w.org\/{rel}","templated":true}]}}