{"id":12873,"date":"2018-09-08T19:10:52","date_gmt":"2018-09-08T22:10:52","guid":{"rendered":"https:\/\/blogs.correiobraziliense.com.br\/cbpoder\/?p=12873"},"modified":"2018-09-08T19:11:30","modified_gmt":"2018-09-08T22:11:30","slug":"sintoma-de-desespero-diz-rollemberg-sobre-xingamento-de-rosso","status":"publish","type":"post","link":"https:\/\/blogs.correiobraziliense.com.br\/cbpoder\/sintoma-de-desespero-diz-rollemberg-sobre-xingamento-de-rosso\/","title":{"rendered":"\u201cSintoma de desespero\u201d, diz Rollemberg sobre xingamento de Rosso"},"content":{"rendered":"<p>O clima\u00a0entre Rodrigo Rollemberg (PSB) e o deputado federal licenciado Rog\u00e9rio Rosso (PSD) esquentou. Candidatos ao Pal\u00e1cio do Buriti, os dois trocaram farpas neste s\u00e1bado (08\/09). Em carreata entre Taguatinga e Ceil\u00e2ndia, o parlamentar classificou o socialista como \u201cvagabundo\u201d e \u201co pior governador da hist\u00f3ria do DF\u201d. Em resposta, o chefe do Executivo local afirmou que as ofensas decorrem do \u201cdesespero\u201d do pessedista.<\/p>\n<p>&nbsp;<\/p>\n<p><span style=\"font-weight: 400\">O xingamento ocorreu enquanto Rosso falava sobre a educa\u00e7\u00e3o na capital. <\/span><span style=\"font-weight: 400\">O candidato mencionava o fato de o DF ter ficado abaixo da meta de qualidade em duas das tr\u00eas etapas de ensino, avaliadas pelo \u00cdndice de Desenvolvimento da Educa\u00e7\u00e3o B\u00e1sica (Ideb). &#8220;Essa \u00e9 a heran\u00e7a que esse vagabundo vai deixar para a gente&#8221;, atacou.<\/span><\/p>\n<p>&nbsp;<\/p>\n<p><span style=\"font-weight: 400\">Horas depois, Rollemberg emitiu nota para se posicionar. \u201c<\/span><span style=\"font-weight: 400\">O destempero verbal do candidato de oposi\u00e7\u00e3o \u00e9 sintoma do desespero dele porque est\u00e1 percebendo que nem a demagogia de suas propostas est\u00e1 encontrando eco na sociedade. N\u00e3o \u00e0 toa as pesquisas o apontam bem atr\u00e1s dos demais candidatos\u201d, disse. <\/span><\/p>\n","protected":false},"excerpt":{"rendered":"<p>O clima\u00a0entre Rodrigo Rollemberg (PSB) e o deputado federal licenciado Rog\u00e9rio Rosso (PSD) esquentou. Candidatos ao Pal\u00e1cio do Buriti, os dois trocaram farpas neste s\u00e1bado (08\/09). Em carreata entre Taguatinga e Ceil\u00e2ndia, o parlamentar classificou o socialista como \u201cvagabundo\u201d e \u201co pior governador da hist\u00f3ria do DF\u201d. Em resposta, o chefe do Executivo local afirmou que as ofensas decorrem do [&hellip;]<\/p>\n","protected":false},"author":90,"featured_media":5004,"comment_status":"open","ping_status":"closed","sticky":false,"template":"","format":"standard","meta":{"footnotes":""},"categories":[234],"tags":[807,193],"class_list":["post-12873","post","type-post","status-publish","format-standard","has-post-thumbnail","hentry","category-cb-poder","tag-eleicoes-2018","tag-rodrigo-rollemberg"],"_links":{"self":[{"href":"https:\/\/blogs.correiobraziliense.com.br\/cbpoder\/wp-json\/wp\/v2\/posts\/12873","targetHints":{"allow":["GET"]}}],"collection":[{"href":"https:\/\/blogs.correiobraziliense.com.br\/cbpoder\/wp-json\/wp\/v2\/posts"}],"about":[{"href":"https:\/\/blogs.correiobraziliense.com.br\/cbpoder\/wp-json\/wp\/v2\/types\/post"}],"author":[{"embeddable":true,"href":"https:\/\/blogs.correiobraziliense.com.br\/cbpoder\/wp-json\/wp\/v2\/users\/90"}],"replies":[{"embeddable":true,"href":"https:\/\/blogs.correiobraziliense.com.br\/cbpoder\/wp-json\/wp\/v2\/comments?post=12873"}],"version-history":[{"count":1,"href":"https:\/\/blogs.correiobraziliense.com.br\/cbpoder\/wp-json\/wp\/v2\/posts\/12873\/revisions"}],"predecessor-version":[{"id":12874,"href":"https:\/\/blogs.correiobraziliense.com.br\/cbpoder\/wp-json\/wp\/v2\/posts\/12873\/revisions\/12874"}],"wp:featuredmedia":[{"embeddable":true,"href":"https:\/\/blogs.correiobraziliense.com.br\/cbpoder\/wp-json\/wp\/v2\/media\/5004"}],"wp:attachment":[{"href":"https:\/\/blogs.correiobraziliense.com.br\/cbpoder\/wp-json\/wp\/v2\/media?parent=12873"}],"wp:term":[{"taxonomy":"category","embeddable":true,"href":"https:\/\/blogs.correiobraziliense.com.br\/cbpoder\/wp-json\/wp\/v2\/categories?post=12873"},{"taxonomy":"post_tag","embeddable":true,"href":"https:\/\/blogs.correiobraziliense.com.br\/cbpoder\/wp-json\/wp\/v2\/tags?post=12873"}],"curies":[{"name":"wp","href":"https:\/\/api.w.org\/{rel}","templated":true}]}}