{"id":12846,"date":"2018-09-06T18:02:17","date_gmt":"2018-09-06T21:02:17","guid":{"rendered":"https:\/\/blogs.correiobraziliense.com.br\/cbpoder\/?p=12846"},"modified":"2018-09-06T18:02:17","modified_gmt":"2018-09-06T21:02:17","slug":"inaceitavel-e-repugnante-diz-rollemberg-sobre-ataque-a-bolsonaro","status":"publish","type":"post","link":"https:\/\/blogs.correiobraziliense.com.br\/cbpoder\/inaceitavel-e-repugnante-diz-rollemberg-sobre-ataque-a-bolsonaro\/","title":{"rendered":"\u201cInaceit\u00e1vel e repugnante\u201d, diz Rollemberg sobre ataque a Bolsonaro"},"content":{"rendered":"<p><span style=\"font-weight: 400\">O governador Rodrigo Rollemberg (PSB) classificou como \u201cinaceit\u00e1vel e repugnante\u201d o \u201ccovarde ataque\u201d ao presidenci\u00e1vel Jair Bolsonaro (PSL) nesta quinta-feira (06\/09). <a href=\"https:\/\/www.correiobraziliense.com.br\/app\/noticia\/politica\/2018\/09\/06\/interna_politica,704442\/bolsonaro-leva-facada-durante-ato-publico-em-juiz-de-fora-mg-nesta-q.shtml\" target=\"_blank\">O candidato ao Pal\u00e1cio do Planalto realizava um ato pol\u00edtico de campanha em Juiz de Fora (MG), quando recebeu uma facada na barriga<\/a>. <\/span><\/p>\n<p>&nbsp;<\/p>\n<blockquote><p><span style=\"font-weight: 400\">Em nota enviada \u00e0 imprensa, Rollemberg afirma que \u201ca democracia exige de todos n\u00f3s, neste momento, um rep\u00fadio a esse gesto tresloucado que n\u00e3o encontra respaldo em nenhuma for\u00e7a pol\u00edtica\u201d. \u201cQualquer diverg\u00eancia pol\u00edtica ou partid\u00e1ria n\u00e3o pode transgredir \u00a0o respeito ao sagrado direito de opini\u00e3o que cada um tem e que n\u00e3o pode sofrer qualquer tipo de agress\u00e3o\u201d, complementou.<\/span><\/p>\n<p>&nbsp;<\/p><\/blockquote>\n<p><span style=\"font-weight: 400\">Bolsonaro foi levado \u00e0 Santa Casa da Miseric\u00f3rdia, onde deu entrada pela emerg\u00eancia. Segundo o filho da v\u00edtima, o deputado federal Fl\u00e1vio Bolsonaro, o pai levou seis pontos e passa bem. Por\u00e9m, h\u00e1 informa\u00e7\u00f5es de que o ferimento de Bolsonaro foi um pouco mais profundo e que chegou a atingir o seu f\u00edgado. At\u00e9 a \u00faltima atualiza\u00e7\u00e3o desta reportagem o presidenci\u00e1vel passava por cirurgia.<\/span><\/p>\n<p>&nbsp;<\/p>\n<p><b>Confira a \u00edntegra da nota emitida por Rodrigo Rollemberg:<\/b><\/p>\n<p>&nbsp;<\/p>\n<p><i><span style=\"font-weight: 400\">&#8220;O covarde ataque ao candidato \u00e0 Presid\u00eancia da Rep\u00fablica, Jair Bolsonaro, \u00e9 inaceit\u00e1vel e repugnante. A democracia exige de todos n\u00f3s, neste momento, um rep\u00fadio a esse gesto tresloucado que n\u00e3o encontra respaldo em nenhuma for\u00e7a pol\u00edtica. O processo eleitoral e o corpo a corpo com o eleitor s\u00e3o fundamentais ao processo democr\u00e1tico. Sem isso n\u00e3o h\u00e1 democracia. \u00c9 tempo de reflex\u00e3o e de apaziguamento. Qualquer diverg\u00eancia pol\u00edtica ou partid\u00e1ria n\u00e3o pode transgredir \u00a0o respeito ao sagrado direito de opini\u00e3o que cada um tem e que n\u00e3o pode sofrer qualquer tipo de agress\u00e3o&#8221;.<\/span><\/i><\/p>\n<p>&nbsp;<\/p>\n<p><strong>Rodrigo Rollemberg<\/strong><br \/>\nCandidato \u00e0 reelei\u00e7\u00e3o ao Governo do Distrito Federal<\/p>\n","protected":false},"excerpt":{"rendered":"<p>O governador Rodrigo Rollemberg (PSB) classificou como \u201cinaceit\u00e1vel e repugnante\u201d o \u201ccovarde ataque\u201d ao presidenci\u00e1vel Jair Bolsonaro (PSL) nesta quinta-feira (06\/09). O candidato ao Pal\u00e1cio do Planalto realizava um ato pol\u00edtico de campanha em Juiz de Fora (MG), quando recebeu uma facada na barriga. &nbsp; Em nota enviada \u00e0 imprensa, Rollemberg afirma que \u201ca democracia exige de todos n\u00f3s, neste [&hellip;]<\/p>\n","protected":false},"author":90,"featured_media":12751,"comment_status":"open","ping_status":"closed","sticky":false,"template":"","format":"standard","meta":{"footnotes":""},"categories":[234],"tags":[1485,1484,193],"class_list":["post-12846","post","type-post","status-publish","format-standard","has-post-thumbnail","hentry","category-cb-poder","tag-facada","tag-jais-bolsonaro","tag-rodrigo-rollemberg"],"_links":{"self":[{"href":"https:\/\/blogs.correiobraziliense.com.br\/cbpoder\/wp-json\/wp\/v2\/posts\/12846","targetHints":{"allow":["GET"]}}],"collection":[{"href":"https:\/\/blogs.correiobraziliense.com.br\/cbpoder\/wp-json\/wp\/v2\/posts"}],"about":[{"href":"https:\/\/blogs.correiobraziliense.com.br\/cbpoder\/wp-json\/wp\/v2\/types\/post"}],"author":[{"embeddable":true,"href":"https:\/\/blogs.correiobraziliense.com.br\/cbpoder\/wp-json\/wp\/v2\/users\/90"}],"replies":[{"embeddable":true,"href":"https:\/\/blogs.correiobraziliense.com.br\/cbpoder\/wp-json\/wp\/v2\/comments?post=12846"}],"version-history":[{"count":2,"href":"https:\/\/blogs.correiobraziliense.com.br\/cbpoder\/wp-json\/wp\/v2\/posts\/12846\/revisions"}],"predecessor-version":[{"id":12848,"href":"https:\/\/blogs.correiobraziliense.com.br\/cbpoder\/wp-json\/wp\/v2\/posts\/12846\/revisions\/12848"}],"wp:featuredmedia":[{"embeddable":true,"href":"https:\/\/blogs.correiobraziliense.com.br\/cbpoder\/wp-json\/wp\/v2\/media\/12751"}],"wp:attachment":[{"href":"https:\/\/blogs.correiobraziliense.com.br\/cbpoder\/wp-json\/wp\/v2\/media?parent=12846"}],"wp:term":[{"taxonomy":"category","embeddable":true,"href":"https:\/\/blogs.correiobraziliense.com.br\/cbpoder\/wp-json\/wp\/v2\/categories?post=12846"},{"taxonomy":"post_tag","embeddable":true,"href":"https:\/\/blogs.correiobraziliense.com.br\/cbpoder\/wp-json\/wp\/v2\/tags?post=12846"}],"curies":[{"name":"wp","href":"https:\/\/api.w.org\/{rel}","templated":true}]}}