{"id":12806,"date":"2018-09-05T19:56:16","date_gmt":"2018-09-05T22:56:16","guid":{"rendered":"https:\/\/blogs.correiobraziliense.com.br\/cbpoder\/?p=12806"},"modified":"2018-09-05T20:09:29","modified_gmt":"2018-09-05T23:09:29","slug":"rosso-propoe-criar-agencia-do-empreendedor-para-promover-o-desenvolvimento-economico","status":"publish","type":"post","link":"https:\/\/blogs.correiobraziliense.com.br\/cbpoder\/rosso-propoe-criar-agencia-do-empreendedor-para-promover-o-desenvolvimento-economico\/","title":{"rendered":"Rosso prop\u00f5e cria\u00e7\u00e3o da Ag\u00eancia do Empreendedor para promover o desenvolvimento econ\u00f4mico"},"content":{"rendered":"<p><span style=\"font-weight: 400\">Para estimular micro e pequenas empresas e o microempreendedor individual (MEI), o deputado federal licenciado e candidato ao Pal\u00e1cio do Buriti Rog\u00e9rio Rosso (PSD) prop\u00f4s, nesta quarta-feira (05\/08), a cria\u00e7\u00e3o da Ag\u00eancia do Empreendedor. O projeto reuniria unidades do BRB, entidades de fomento ao setor produtivo, como o Sebrae, e \u00f3rg\u00e3os do governo, a exemplo da secretaria de Economia, Desenvolvimento, Inova\u00e7\u00e3o, Ci\u00eancia e Tecnologia. O modelo baseia-se no conceito da Ag\u00eancia do Trabalhador.<\/span><\/p>\n<p>&nbsp;<\/p>\n<p><span style=\"font-weight: 400\">Conforme a proposta inicial, no primeiro ano de um eventual governo, seriam instaladas 20 ag\u00eancias, distribu\u00eddas entre as maiores cidades do Distrito Federal. A ideia, de acordo com Rosso, \u00e9 mold\u00e1-las segundo a voca\u00e7\u00e3o caracter\u00edstica de cada cidade, como com\u00e9rcio, ind\u00fastria e agroneg\u00f3cio. \u201c\u00c9 a descentraliza\u00e7\u00e3o do nosso governo, dando autonomia para as cidades. A pessoa n\u00e3o vai precisar se deslocar para locais distantes\u201d, explicou o parlamentar licenciado. <\/span><\/p>\n<p>&nbsp;<\/p>\n<blockquote><p><span style=\"font-weight: 400\">Em paralelo, o candidato ao GDF pretende criar uma linha de financiamento intitulada DF Empreender, com taxas de juros menores que as usuais e processos menos morosos. \u201cJ\u00e1 tem recurso no banco para isso, mas \u00e9 pouco utilizado, devido \u00e0 burocracia e a uma s\u00e9rie de outras coisas\u201d, adiantou. Para Rosso, as medidas impulsionar\u00e3o o desenvolvimento econ\u00f4mico no DF. \u201cEst\u00e1 claro para mim que o desemprego se agrava com o fechamento dos pequenos neg\u00f3cios, afetando a economia&#8221;.<\/span><\/p>\n<p>&nbsp;<\/p><\/blockquote>\n<p><span style=\"font-weight: 400\">O deputado federal firmou o compromisso em visita ao Gama, onde mora o candidato \u00e0 vice-governadoria e pastor da Assembleia de Deus, Egmar Tavares (PRB). Estavam ao lado de Rosso, ainda, os postulantes ao Senado Cristovam Buarque (PPS) e Fernando Marques (Solidariedade) <\/span><span style=\"font-weight: 400\">\u2014 o<\/span><span style=\"font-weight: 400\">s quatro almo\u00e7aram juntos no shopping da regi\u00e3o.\u00a0<\/span>O parlamentar licenciado pretendia percorrer o com\u00e9rcio local \u00e0 procura de votos, mas cancelou a agenda para gravar programas eleitorais.<\/p>\n","protected":false},"excerpt":{"rendered":"<p>Para estimular micro e pequenas empresas e o microempreendedor individual (MEI), o deputado federal licenciado e candidato ao Pal\u00e1cio do Buriti Rog\u00e9rio Rosso (PSD) prop\u00f4s, nesta quarta-feira (05\/08), a cria\u00e7\u00e3o da Ag\u00eancia do Empreendedor. O projeto reuniria unidades do BRB, entidades de fomento ao setor produtivo, como o Sebrae, e \u00f3rg\u00e3os do governo, a exemplo da secretaria de Economia, Desenvolvimento, [&hellip;]<\/p>\n","protected":false},"author":90,"featured_media":0,"comment_status":"open","ping_status":"closed","sticky":false,"template":"","format":"standard","meta":{"footnotes":""},"categories":[234],"tags":[],"class_list":["post-12806","post","type-post","status-publish","format-standard","hentry","category-cb-poder"],"_links":{"self":[{"href":"https:\/\/blogs.correiobraziliense.com.br\/cbpoder\/wp-json\/wp\/v2\/posts\/12806","targetHints":{"allow":["GET"]}}],"collection":[{"href":"https:\/\/blogs.correiobraziliense.com.br\/cbpoder\/wp-json\/wp\/v2\/posts"}],"about":[{"href":"https:\/\/blogs.correiobraziliense.com.br\/cbpoder\/wp-json\/wp\/v2\/types\/post"}],"author":[{"embeddable":true,"href":"https:\/\/blogs.correiobraziliense.com.br\/cbpoder\/wp-json\/wp\/v2\/users\/90"}],"replies":[{"embeddable":true,"href":"https:\/\/blogs.correiobraziliense.com.br\/cbpoder\/wp-json\/wp\/v2\/comments?post=12806"}],"version-history":[{"count":2,"href":"https:\/\/blogs.correiobraziliense.com.br\/cbpoder\/wp-json\/wp\/v2\/posts\/12806\/revisions"}],"predecessor-version":[{"id":12809,"href":"https:\/\/blogs.correiobraziliense.com.br\/cbpoder\/wp-json\/wp\/v2\/posts\/12806\/revisions\/12809"}],"wp:attachment":[{"href":"https:\/\/blogs.correiobraziliense.com.br\/cbpoder\/wp-json\/wp\/v2\/media?parent=12806"}],"wp:term":[{"taxonomy":"category","embeddable":true,"href":"https:\/\/blogs.correiobraziliense.com.br\/cbpoder\/wp-json\/wp\/v2\/categories?post=12806"},{"taxonomy":"post_tag","embeddable":true,"href":"https:\/\/blogs.correiobraziliense.com.br\/cbpoder\/wp-json\/wp\/v2\/tags?post=12806"}],"curies":[{"name":"wp","href":"https:\/\/api.w.org\/{rel}","templated":true}]}}