{"id":12802,"date":"2018-09-05T19:45:58","date_gmt":"2018-09-05T22:45:58","guid":{"rendered":"https:\/\/blogs.correiobraziliense.com.br\/cbpoder\/?p=12802"},"modified":"2018-09-05T19:45:58","modified_gmt":"2018-09-05T22:45:58","slug":"candidatos-ao-gdf-criticam-ausencia-de-favoritos-em-evento-sobre-saude","status":"publish","type":"post","link":"https:\/\/blogs.correiobraziliense.com.br\/cbpoder\/candidatos-ao-gdf-criticam-ausencia-de-favoritos-em-evento-sobre-saude\/","title":{"rendered":"Candidatos ao GDF criticam aus\u00eancia de favoritos em evento sobre sa\u00fade"},"content":{"rendered":"<p><b>PEDRO GRIGORI<\/b><\/p>\n<p>&nbsp;<\/p>\n<p><span style=\"font-weight: 400\">Os 11 candidatos ao posto de chefe do Executivo Local foram convidados a participar do lan\u00e7amento de uma plataforma pol\u00edtica de sa\u00fade mental nesta quarta-feira (5\/9). Contudo, apenas quatro deram as caras. Na entrega do material, que conta com 30 medidas de aten\u00e7\u00e3o no atendimento psicossocial do DF, n\u00e3o faltaram cr\u00edticas aos concorrentes\u00a0ausentes. <\/span><\/p>\n<p>&nbsp;<\/p>\n<p><span style=\"font-weight: 400\">F\u00e1tima Sousa (Psol), Ant\u00f4nio Guillen (PSTU), J\u00falio Miragaya (PT) e Alexandre Guerra (Novo) compareceram ao evento na Associa\u00e7\u00e3o Brasileira de Enfermagem (Aben). Os postulantes a Vice-Governadoria Eduardo Brand\u00e3o (PV), Gilson Dobbin (PCO) e Alexandre Bispo (PR) participaram do evento, representando os cabe\u00e7as de chapa Rodrigo Rollemberg (PSB), Renan Rosa (PCO) e Alberto Fraga (DEM), respectivamente Os tr\u00eas enfrentaram cr\u00edticas do p\u00fablico presente, formado, principalmente, por psic\u00f3logos e familiares de usu\u00e1rios dos Centros de Aten\u00e7\u00e3o Psicossocial (Caps)<\/span><\/p>\n<p>&nbsp;<\/p>\n<blockquote><p><span style=\"font-weight: 400\">A plateia tamb\u00e9m criticou a aus\u00eancia de Rog\u00e9rio Rosso (PSD), Eliana Pedrosa (Pros) e Ibaneis Rocha (MDB). Os candidatos presentes aproveitaram para soltar farpas aos oponentes. \u201cEu acho um desprezo de outros candidatos n\u00e3o vir falar diretamente com a sociedade civil e sindicatos. \u00c9 o quarto encontro que esses mesmos candidatos n\u00e3o participam. A falta de di\u00e1logo \u00e9 o maior absurdo que temos nesse governo, e por mais que discordemos em alguns pontos, precisamos dialogar\u201d, declarou Alexandre Guerra em discurso. <\/span><\/p>\n<p>&nbsp;<\/p><\/blockquote>\n<p><span style=\"font-weight: 400\">\u201cA falta desses candidatos nas agendas tem\u00e1ticas reflete a aus\u00eancia dos trabalhos deles nessas \u00e1reas quando foram governadores ou quando seus partidos faziam parte da base do governo\u201d, opinou F\u00e1tima Sousa. A candidata do Psol ainda destacou que apenas ela, Miragaya, Alexandre Guerra e Paulo Chagas (PRP) participaram do debate entre candidatos ao GDF na TV Comunit\u00e1ria, na \u00faltima quinta-feira (30\/8). \u201cS\u00e3o agendas caras que s\u00e3o ignoradas. Esses candidatos tamb\u00e9m faltaram a um compromisso sobre \u00e1gua na Serrinha do Parano\u00e1 no \u00faltimo domingo. Isso \u00e9 uma express\u00e3o de desgoverno\u201d, opinou. <\/span><\/p>\n<p>&nbsp;<\/p>\n<p><span style=\"font-weight: 400\">Gilson Dobbin, afirmou ter ficado chateado com o pr\u00f3prio candidato a governador pelo seu partido, Renan Rosa. \u201cPe\u00e7o uma desculpa enorme para voc\u00eas que organizaram esse evento. Aprendi h\u00e1 muitos anos que a gente faz escolhas na vida, e eu realmente fiquei chateado pelo nosso candidato n\u00e3o estar aqui. Quero dar meus parab\u00e9ns a todos candidatos a governador que vieram, pois \u00e9 importante essa escolha\u201d, disse. <\/span><\/p>\n<p>&nbsp;<\/p>\n<h2><span style=\"font-weight: 400\">Sem promessas <\/span><\/h2>\n<p>&nbsp;<\/p>\n<p><span style=\"font-weight: 400\">Os candidatos presentes no evento organizado pelo Movimento Pr\u00f3-sa\u00fade Mental do DF, Grupo Inverso e a Rede de Aten\u00e7\u00e3o Psicossocial do DF, ouviram mais do que falaram. Pessoas com problemas de sa\u00fade mentais e familiares relataram as dificuldades no atendimento p\u00fablico do DF e fizeram alerta sobre a expans\u00e3o de leitos dos hospitais psiqui\u00e1tricos no Brasil, os quais foram chamados de manic\u00f4mios. <\/span><\/p>\n<p>&nbsp;<\/p>\n<blockquote><p><span style=\"font-weight: 400\">F\u00e1tima Sousa destacou o trabalho de estrutura\u00e7\u00e3o no Observat\u00f3rio de Sa\u00fade Mental da Universidade de Bras\u00edlia e afirmou ter lido todo o documento apresentado. \u201cAinda como estudante de enfermagem, fui para Santos (SP) para fechar o Hospital Psiqui\u00e1trico de l\u00e1 por entender que as pessoas n\u00e3o deviam ser maltratadas e levar choques el\u00e9tricos como tratamentos. \u00c9 dever do Estado proteger todos os filhos dessa p\u00e1tria, e \u00e9 isso que faremos, se governadora eu for\u201d, garantiu. <\/span><\/p>\n<p>&nbsp;<\/p><\/blockquote>\n<p><span style=\"font-weight: 400\">Alexandre Bispo tamb\u00e9m garantiu que as pautas apresentadas ser\u00e3o levadas \u00e0 frente em um poss\u00edvel governo de Fraga. Citou o apoio de Jofran Frejat (PR), a quem chamou de \u201cconselheiro da Sa\u00fade\u201d, e tentou destacar as a\u00e7\u00f5es tomadas pelo ex-governador Jos\u00e9 Roberto Arruda, mas n\u00e3o foi bem recebido pelo p\u00fablico, que respondeu com vaias e gritos de \u201ccorrupto\u201d. <\/span><\/p>\n<p>&nbsp;<\/p>\n<p><span style=\"font-weight: 400\">No hor\u00e1rio do evento Rog\u00e9rio Rosso estava em campanha no Gama. Fraga, Eliana e Rollemberg n\u00e3o tinham eventos p\u00fablicos marcados para o per\u00edodo da tarde.<\/span><\/p>\n","protected":false},"excerpt":{"rendered":"<p>PEDRO GRIGORI &nbsp; Os 11 candidatos ao posto de chefe do Executivo Local foram convidados a participar do lan\u00e7amento de uma plataforma pol\u00edtica de sa\u00fade mental nesta quarta-feira (5\/9). Contudo, apenas quatro deram as caras. Na entrega do material, que conta com 30 medidas de aten\u00e7\u00e3o no atendimento psicossocial do DF, n\u00e3o faltaram cr\u00edticas aos concorrentes\u00a0ausentes. &nbsp; F\u00e1tima Sousa (Psol), [&hellip;]<\/p>\n","protected":false},"author":90,"featured_media":12803,"comment_status":"open","ping_status":"closed","sticky":false,"template":"","format":"standard","meta":{"footnotes":""},"categories":[234],"tags":[998,807,1480,1478,1479,1477],"class_list":["post-12802","post","type-post","status-publish","format-standard","has-post-thumbnail","hentry","category-cb-poder","tag-alexandre-guerra","tag-eleicoes-2018","tag-fatima-sousa","tag-guillen","tag-julio-miragaya","tag-saude-mental"],"_links":{"self":[{"href":"https:\/\/blogs.correiobraziliense.com.br\/cbpoder\/wp-json\/wp\/v2\/posts\/12802","targetHints":{"allow":["GET"]}}],"collection":[{"href":"https:\/\/blogs.correiobraziliense.com.br\/cbpoder\/wp-json\/wp\/v2\/posts"}],"about":[{"href":"https:\/\/blogs.correiobraziliense.com.br\/cbpoder\/wp-json\/wp\/v2\/types\/post"}],"author":[{"embeddable":true,"href":"https:\/\/blogs.correiobraziliense.com.br\/cbpoder\/wp-json\/wp\/v2\/users\/90"}],"replies":[{"embeddable":true,"href":"https:\/\/blogs.correiobraziliense.com.br\/cbpoder\/wp-json\/wp\/v2\/comments?post=12802"}],"version-history":[{"count":2,"href":"https:\/\/blogs.correiobraziliense.com.br\/cbpoder\/wp-json\/wp\/v2\/posts\/12802\/revisions"}],"predecessor-version":[{"id":12805,"href":"https:\/\/blogs.correiobraziliense.com.br\/cbpoder\/wp-json\/wp\/v2\/posts\/12802\/revisions\/12805"}],"wp:featuredmedia":[{"embeddable":true,"href":"https:\/\/blogs.correiobraziliense.com.br\/cbpoder\/wp-json\/wp\/v2\/media\/12803"}],"wp:attachment":[{"href":"https:\/\/blogs.correiobraziliense.com.br\/cbpoder\/wp-json\/wp\/v2\/media?parent=12802"}],"wp:term":[{"taxonomy":"category","embeddable":true,"href":"https:\/\/blogs.correiobraziliense.com.br\/cbpoder\/wp-json\/wp\/v2\/categories?post=12802"},{"taxonomy":"post_tag","embeddable":true,"href":"https:\/\/blogs.correiobraziliense.com.br\/cbpoder\/wp-json\/wp\/v2\/tags?post=12802"}],"curies":[{"name":"wp","href":"https:\/\/api.w.org\/{rel}","templated":true}]}}