{"id":12798,"date":"2018-09-05T13:06:51","date_gmt":"2018-09-05T16:06:51","guid":{"rendered":"https:\/\/blogs.correiobraziliense.com.br\/cbpoder\/?p=12798"},"modified":"2018-09-05T19:54:20","modified_gmt":"2018-09-05T22:54:20","slug":"em-vicente-pires-rollemberg-diz-que-conclusao-da-infraestrutura-da-regiao-sera-prioridade-em-novo-mandato","status":"publish","type":"post","link":"https:\/\/blogs.correiobraziliense.com.br\/cbpoder\/em-vicente-pires-rollemberg-diz-que-conclusao-da-infraestrutura-da-regiao-sera-prioridade-em-novo-mandato\/","title":{"rendered":"Em Vicente Pires, Rollemberg diz que conclus\u00e3o da infraestrutura da regi\u00e3o ser\u00e1 prioridade em novo mandato"},"content":{"rendered":"<p><span style=\"font-weight: 400\">Candidato \u00e0 reelei\u00e7\u00e3o, o governador Rodrigo Rollemberg (PSB) iniciou a agenda de campanha desta quarta-feira (05\/09) em caminhada numa das principais avenidas comerciais da Col\u00f4nia Agr\u00edcola Samambaia, em Vicente Pires. No trajeto, o socialista afirmou que, se vencer o pleito de outubro, priorizar\u00e1 a conclus\u00e3o da infraestrutura da cidade, por meio de obras de asfaltamento e da implementa\u00e7\u00e3o das redes de esgoto e de drenagem pluvial. <\/span><\/p>\n<p>&nbsp;<\/p>\n<p><span style=\"font-weight: 400\">As interven\u00e7\u00f5es visam evitar adversidades semelhantes \u00e0quelas enfrentadas nesta gest\u00e3o. \u201cA rede de drenagem pluvial ser\u00e1 uma obra grande, pois, quando chove, corre muita \u00e1gua de Taguatinga para c\u00e1, trazendo problemas graves de enchentes. Precisamos aproveitar esse tempo seco para avan\u00e7ar\u201d, pontuou. O candidato realizou o ato pol\u00edtico na Avenida S\u00e3o Francisco, que recebeu melhorias nos \u00faltimos anos, ao lado do administrador de Vicente Pires, Charles Guerreiro.<\/span><\/p>\n<p>&nbsp;<\/p>\n<p><span style=\"font-weight: 400\">Durante a caminhada, moradores e comerciantes abordaram o chefe do Pal\u00e1cio do Buriti para pedir avan\u00e7os no processo de regulariza\u00e7\u00e3o fundi\u00e1ria e urbana. A Rollemberg, Siomara Oliveira, propriet\u00e1ria de uma loja, apontou problemas decorrentes da situa\u00e7\u00e3o irregular dos espa\u00e7os comerciais. \u201cEmpresas n\u00e3o podem ser registradas na Col\u00f4nia Agr\u00edcola. Tamb\u00e9m n\u00e3o h\u00e1 como fazer altera\u00e7\u00f5es contratuais. Isso prejudica o com\u00e9rcio\u201d, disse a mulher de 35 anos. O socialista se comprometeu a dar continuidade aos procedimentos de legaliza\u00e7\u00e3o.<\/span><\/p>\n<p>&nbsp;<\/p>\n<p>A\u00a0constru\u00e7\u00e3o de equipamentos p\u00fablicos na regi\u00e3o tamb\u00e9m figurou entre os pedidos do eleitorado. &#8220;Precisamos de ao menos uma Unidade B\u00e1sica de Sa\u00fade (UBS), al\u00e9m de escolas da rede p\u00fablica e de maior ilumina\u00e7\u00e3o nas entrequadras&#8221;, frisou o gerente Elder Rodrigues, de 33 anos. Em atendimento \u00e0 demanda, Rollemberg alegou que executar\u00e1 as melhorias.<span style=\"font-weight: 400\">\u00a0\u201cExistem espa\u00e7os para isso no projeto urban\u00edstico aprovado. Construiremos a partir de 2019\u201d, afirmou. Outro compromisso \u00e9 a implementa\u00e7\u00e3o de ilumina\u00e7\u00e3o p\u00fablica em LED nas avenidas de Vicente Pires, a exemplo de outros trechos.<\/span><\/p>\n<p>&nbsp;<\/p>\n<p>A agenda de campanha do socialista ser\u00e1 retomada \u00e0s 18h30, em reuni\u00e3o com a Comiss\u00e3o de Farmac\u00eauticos. Mais tarde, Rollemberg encontra-se com representantes de condom\u00ednios de Arniqueiras. \u00c0s 20h30, o candidato atende lideran\u00e7as da Estrutural.<\/p>\n<p>&nbsp;<\/p>\n","protected":false},"excerpt":{"rendered":"<p>Candidato \u00e0 reelei\u00e7\u00e3o, o governador Rodrigo Rollemberg (PSB) iniciou a agenda de campanha desta quarta-feira (05\/09) em caminhada numa das principais avenidas comerciais da Col\u00f4nia Agr\u00edcola Samambaia, em Vicente Pires. No trajeto, o socialista afirmou que, se vencer o pleito de outubro, priorizar\u00e1 a conclus\u00e3o da infraestrutura da cidade, por meio de obras de asfaltamento e da implementa\u00e7\u00e3o das redes [&hellip;]<\/p>\n","protected":false},"author":90,"featured_media":12807,"comment_status":"open","ping_status":"closed","sticky":false,"template":"","format":"standard","meta":{"footnotes":""},"categories":[234],"tags":[807,1476,1220,193,31],"class_list":["post-12798","post","type-post","status-publish","format-standard","has-post-thumbnail","hentry","category-cb-poder","tag-eleicoes-2018","tag-infraestrutura","tag-regularizacao","tag-rodrigo-rollemberg","tag-vicente-pires"],"_links":{"self":[{"href":"https:\/\/blogs.correiobraziliense.com.br\/cbpoder\/wp-json\/wp\/v2\/posts\/12798","targetHints":{"allow":["GET"]}}],"collection":[{"href":"https:\/\/blogs.correiobraziliense.com.br\/cbpoder\/wp-json\/wp\/v2\/posts"}],"about":[{"href":"https:\/\/blogs.correiobraziliense.com.br\/cbpoder\/wp-json\/wp\/v2\/types\/post"}],"author":[{"embeddable":true,"href":"https:\/\/blogs.correiobraziliense.com.br\/cbpoder\/wp-json\/wp\/v2\/users\/90"}],"replies":[{"embeddable":true,"href":"https:\/\/blogs.correiobraziliense.com.br\/cbpoder\/wp-json\/wp\/v2\/comments?post=12798"}],"version-history":[{"count":1,"href":"https:\/\/blogs.correiobraziliense.com.br\/cbpoder\/wp-json\/wp\/v2\/posts\/12798\/revisions"}],"predecessor-version":[{"id":12799,"href":"https:\/\/blogs.correiobraziliense.com.br\/cbpoder\/wp-json\/wp\/v2\/posts\/12798\/revisions\/12799"}],"wp:featuredmedia":[{"embeddable":true,"href":"https:\/\/blogs.correiobraziliense.com.br\/cbpoder\/wp-json\/wp\/v2\/media\/12807"}],"wp:attachment":[{"href":"https:\/\/blogs.correiobraziliense.com.br\/cbpoder\/wp-json\/wp\/v2\/media?parent=12798"}],"wp:term":[{"taxonomy":"category","embeddable":true,"href":"https:\/\/blogs.correiobraziliense.com.br\/cbpoder\/wp-json\/wp\/v2\/categories?post=12798"},{"taxonomy":"post_tag","embeddable":true,"href":"https:\/\/blogs.correiobraziliense.com.br\/cbpoder\/wp-json\/wp\/v2\/tags?post=12798"}],"curies":[{"name":"wp","href":"https:\/\/api.w.org\/{rel}","templated":true}]}}