{"id":12789,"date":"2018-09-05T06:57:50","date_gmt":"2018-09-05T09:57:50","guid":{"rendered":"https:\/\/blogs.correiobraziliense.com.br\/cbpoder\/?p=12789"},"modified":"2018-09-05T07:05:55","modified_gmt":"2018-09-05T10:05:55","slug":"pcdf-cumpre-58-mandados-de-prisao-de-lideres-de-faccao-criminosa","status":"publish","type":"post","link":"https:\/\/blogs.correiobraziliense.com.br\/cbpoder\/pcdf-cumpre-58-mandados-de-prisao-de-lideres-de-faccao-criminosa\/","title":{"rendered":"PCDF cumpre 58 mandados de pris\u00e3o de l\u00edderes de fac\u00e7\u00e3o criminosa"},"content":{"rendered":"<p>ANA MARIA CAMPOS<\/p>\n<p>Para desarticular fac\u00e7\u00f5es que comandam, de dentro e fora da pris\u00e3o, homic\u00eddios, tr\u00e1fico de drogas e assaltos, a Pol\u00edcia Civil do DF cumpre nesta manh\u00e3 (05\/09) 58 mandados de pris\u00e3o preventiva e 49 de busca e apreens\u00e3o, expedidos pela Justi\u00e7a do DF. Criminosos em atividade, foragidos e presos em penitenci\u00e1rias do Distrito Federal, envolvidos na organiza\u00e7\u00e3o e planejamento dos crimes, s\u00e3o alvos da Opera\u00e7\u00e3o Hydra. Os mandados s\u00e3o cumpridos em Bras\u00edlia, S\u00e3o Paulo, Praia Grande (SP), \u00c1guas Lindas (GO), Santo Ant\u00f4nio do Descoberto (GO) e \u00a0Curitiba (PR), com apoio das Pol\u00edcias Civis de S\u00e3o Paulo, Goi\u00e1s e Paran\u00e1.<\/p>\n<p>Entre os investigados, h\u00e1 os dois l\u00edderes da organiza\u00e7\u00e3o que comandam as a\u00e7\u00f5es no DF \u00e0 dist\u00e2ncia, no Paran\u00e1 e em S\u00e3o Paulo. A inten\u00e7\u00e3o dos bandidos \u00e9 estruturar a c\u00e9lula no sistema penitenci\u00e1rio da Papuda, como ocorre em cadeias de v\u00e1rias unidades da federa\u00e7\u00e3o, como S\u00e3o Paulo e Rio de Janeiro, onde o crime organizado impede a a\u00e7\u00e3o do Estado. Tamb\u00e9m est\u00e3o sob suspeita de envolvimento nos crimes dois advogados dos presos que aderiram \u00e0 organiza\u00e7\u00e3o e passaram a ter participa\u00e7\u00e3o ativa na designa\u00e7\u00e3o de cargos dentro do grupo e tamb\u00e9m no tr\u00e1fico de drogas.<\/p>\n<p>A investiga\u00e7\u00e3o est\u00e1 a cargo da Divis\u00e3o de Repress\u00e3o \u00e0s Fac\u00e7\u00f5es Criminosas (DIFAC), subordinada \u00e0 Coordena\u00e7\u00e3o de Combate ao Crime Organizado, aos Crimes contra a Administra\u00e7\u00e3o P\u00fablica e contra a Ordem Tribut\u00e1ria (CECOR). Trabalho em conjunto com o Minist\u00e9rio P\u00fablico do Distrito Federal (MPDFT) e com a Subsecretaria do Sistema Penitenci\u00e1rio (Sesipe). Todas as medidas foram autorizadas pela 4\u00aa Vara Criminal de Bras\u00edlia.<\/p>\n<p>Um dos mandados de busca e apreens\u00e3o foi cumprido na cidade de Praia Grande, munic\u00edpio no litoral de S\u00e3o Paulo considerado reduto das lideran\u00e7as da fac\u00e7\u00e3o. A investigada, que foi presa nesta manh\u00e3, \u00e9 suspeita, entre outros crimes, de criar uma casa de apoio aos presos em Mossor\u00f3 (RN), onde funciona um pres\u00eddio federal. Os policiais civis suspeitam de que ela seria encarregada de montar no DF a mesma central de aux\u00edlio a criminosos na inaugura\u00e7\u00e3o do pres\u00eddio federal de Bras\u00edlia, que est\u00e1 pronto para funcionar. Ela \u00e9 foragida da <a href=\"https:\/\/blogs.correiobraziliense.com.br\/cbpoder\/policia-civil-entra-na-papuda-para-desarticular-faccoes-criminosas\/\">Opera\u00e7\u00e3o Pr\u00f3logo<\/a>, deflagrada pela CECOR em abril, com o mesmo prop\u00f3sito de impedir a instala\u00e7\u00e3o da fac\u00e7\u00e3o na Papuda.<\/p>\n<p>Outras opera\u00e7\u00f5es, como Tabuleiro, Palestina e Legi\u00e3o, deflagradas desde 2013, cumpriram o mesmo objetivo. Segundo a Pol\u00edcia Civil, esse trabalho tem impedido a entrada e o dom\u00ednio do crime organizado na Papuda e nas ruas do DF. Assim, uma c\u00e9lula denominada 061 foi desarticulada e a fac\u00e7\u00e3o que tenta se instalar no DF tem v\u00ednculo com os presidios de Goi\u00e1s.<\/p>\n<p>&nbsp;<\/p>\n","protected":false},"excerpt":{"rendered":"<p>ANA MARIA CAMPOS Para desarticular fac\u00e7\u00f5es que comandam, de dentro e fora da pris\u00e3o, homic\u00eddios, tr\u00e1fico de drogas e assaltos, a Pol\u00edcia Civil do DF cumpre nesta manh\u00e3 (05\/09) 58 mandados de pris\u00e3o preventiva e 49 de busca e apreens\u00e3o, expedidos pela Justi\u00e7a do DF. Criminosos em atividade, foragidos e presos em penitenci\u00e1rias do Distrito Federal, envolvidos na organiza\u00e7\u00e3o e [&hellip;]<\/p>\n","protected":false},"author":9,"featured_media":12790,"comment_status":"open","ping_status":"closed","sticky":false,"template":"","format":"standard","meta":{"footnotes":""},"categories":[234],"tags":[1234,1472,1383,1068],"class_list":["post-12789","post","type-post","status-publish","format-standard","has-post-thumbnail","hentry","category-cb-poder","tag-faccoes-criminosas","tag-operacao-hydra","tag-operacao-monopolio-cecor","tag-papuda"],"_links":{"self":[{"href":"https:\/\/blogs.correiobraziliense.com.br\/cbpoder\/wp-json\/wp\/v2\/posts\/12789","targetHints":{"allow":["GET"]}}],"collection":[{"href":"https:\/\/blogs.correiobraziliense.com.br\/cbpoder\/wp-json\/wp\/v2\/posts"}],"about":[{"href":"https:\/\/blogs.correiobraziliense.com.br\/cbpoder\/wp-json\/wp\/v2\/types\/post"}],"author":[{"embeddable":true,"href":"https:\/\/blogs.correiobraziliense.com.br\/cbpoder\/wp-json\/wp\/v2\/users\/9"}],"replies":[{"embeddable":true,"href":"https:\/\/blogs.correiobraziliense.com.br\/cbpoder\/wp-json\/wp\/v2\/comments?post=12789"}],"version-history":[{"count":1,"href":"https:\/\/blogs.correiobraziliense.com.br\/cbpoder\/wp-json\/wp\/v2\/posts\/12789\/revisions"}],"predecessor-version":[{"id":12791,"href":"https:\/\/blogs.correiobraziliense.com.br\/cbpoder\/wp-json\/wp\/v2\/posts\/12789\/revisions\/12791"}],"wp:featuredmedia":[{"embeddable":true,"href":"https:\/\/blogs.correiobraziliense.com.br\/cbpoder\/wp-json\/wp\/v2\/media\/12790"}],"wp:attachment":[{"href":"https:\/\/blogs.correiobraziliense.com.br\/cbpoder\/wp-json\/wp\/v2\/media?parent=12789"}],"wp:term":[{"taxonomy":"category","embeddable":true,"href":"https:\/\/blogs.correiobraziliense.com.br\/cbpoder\/wp-json\/wp\/v2\/categories?post=12789"},{"taxonomy":"post_tag","embeddable":true,"href":"https:\/\/blogs.correiobraziliense.com.br\/cbpoder\/wp-json\/wp\/v2\/tags?post=12789"}],"curies":[{"name":"wp","href":"https:\/\/api.w.org\/{rel}","templated":true}]}}