{"id":12752,"date":"2018-09-03T17:01:27","date_gmt":"2018-09-03T20:01:27","guid":{"rendered":"https:\/\/blogs.correiobraziliense.com.br\/cbpoder\/?p=12752"},"modified":"2018-09-03T17:10:12","modified_gmt":"2018-09-03T20:10:12","slug":"bolsonaro-e-paulo-chagas-participarao-de-carreata-em-ceilandia","status":"publish","type":"post","link":"https:\/\/blogs.correiobraziliense.com.br\/cbpoder\/bolsonaro-e-paulo-chagas-participarao-de-carreata-em-ceilandia\/","title":{"rendered":"Bolsonaro e Paulo Chagas participar\u00e3o de carreata em Ceil\u00e2ndia"},"content":{"rendered":"<p><span style=\"font-weight: 400\">O candidato do PRP ao Pal\u00e1cio do Buriti, General Paulo Chagas, e o presidenci\u00e1vel Jair Bolsonaro (PSL) realizar\u00e3o o primeiro ato conjunto de campanha nesta quarta-feira (05\/09). Em uma carreata, a partir das 9h, os dois <\/span><span style=\"font-weight: 400\">\u2014<\/span><span style=\"font-weight: 400\"> e outros postulantes a cargos eletivos das legendas <\/span><span style=\"font-weight: 400\">\u2014<\/span><span style=\"font-weight: 400\"> percorrer\u00e3o o trajeto entre a Funda\u00e7\u00e3o Bradesco, em Ceil\u00e2ndia, e a Pra\u00e7a do Rel\u00f3gio, em Taguatinga. <\/span><\/p>\n<p>&nbsp;<\/p>\n<p><span style=\"font-weight: 400\">O ponto de encontro \u00e9 estrat\u00e9gico, uma vez que Ceil\u00e2ndia abriga o maior n\u00famero de pessoas aptas a votar no Distrito Federal. Al\u00e9m disso, na regi\u00e3o, residem familiares da esposa do presidenci\u00e1vel, Michelle Bolsonaro, nascida na cidade. \u00a0\u00a0<\/span><\/p>\n<p>&nbsp;<\/p>\n<p><span style=\"font-weight: 400\">\u201cMeu objetivo \u00e9 mostrar para a popula\u00e7\u00e3o que o candidato de Bolsonaro ao GDF \u00e9 General Paulo Chagas. H\u00e1 muita gente querendo essa indica\u00e7\u00e3o\u201d, disse. Conforme <a href=\"https:\/\/www.correiobraziliense.com.br\/app\/noticia\/cidades\/2018\/08\/16\/interna_cidadesdf,700528\/bolsonaro-lidera-disputa-eleitoral-no-df-mostra-pesquisa-do-correio.shtml\">pesquisa<\/a> divulgada pelo <\/span><b>Correio <\/b><span style=\"font-weight: 400\">no \u00faltimo m\u00eas, o postulante do PSL ao Pal\u00e1cio do Planalto <\/span><span style=\"font-weight: 400\">lidera as inten\u00e7\u00f5es de voto dos brasilienses, tanto na pesquisa espont\u00e2nea quanto no levantamento estimulado.\u00a0<\/span><\/p>\n<p>&nbsp;<\/p>\n","protected":false},"excerpt":{"rendered":"<p>O candidato do PRP ao Pal\u00e1cio do Buriti, General Paulo Chagas, e o presidenci\u00e1vel Jair Bolsonaro (PSL) realizar\u00e3o o primeiro ato conjunto de campanha nesta quarta-feira (05\/09). Em uma carreata, a partir das 9h, os dois \u2014 e outros postulantes a cargos eletivos das legendas \u2014 percorrer\u00e3o o trajeto entre a Funda\u00e7\u00e3o Bradesco, em Ceil\u00e2ndia, e a Pra\u00e7a do Rel\u00f3gio, [&hellip;]<\/p>\n","protected":false},"author":90,"featured_media":12757,"comment_status":"open","ping_status":"closed","sticky":false,"template":"","format":"standard","meta":{"footnotes":""},"categories":[234],"tags":[1345,1464,1141],"class_list":["post-12752","post","type-post","status-publish","format-standard","has-post-thumbnail","hentry","category-cb-poder","tag-candidato-ao-gdf","tag-eleicao-2018","tag-general-paulo-chagas"],"_links":{"self":[{"href":"https:\/\/blogs.correiobraziliense.com.br\/cbpoder\/wp-json\/wp\/v2\/posts\/12752","targetHints":{"allow":["GET"]}}],"collection":[{"href":"https:\/\/blogs.correiobraziliense.com.br\/cbpoder\/wp-json\/wp\/v2\/posts"}],"about":[{"href":"https:\/\/blogs.correiobraziliense.com.br\/cbpoder\/wp-json\/wp\/v2\/types\/post"}],"author":[{"embeddable":true,"href":"https:\/\/blogs.correiobraziliense.com.br\/cbpoder\/wp-json\/wp\/v2\/users\/90"}],"replies":[{"embeddable":true,"href":"https:\/\/blogs.correiobraziliense.com.br\/cbpoder\/wp-json\/wp\/v2\/comments?post=12752"}],"version-history":[{"count":4,"href":"https:\/\/blogs.correiobraziliense.com.br\/cbpoder\/wp-json\/wp\/v2\/posts\/12752\/revisions"}],"predecessor-version":[{"id":12760,"href":"https:\/\/blogs.correiobraziliense.com.br\/cbpoder\/wp-json\/wp\/v2\/posts\/12752\/revisions\/12760"}],"wp:featuredmedia":[{"embeddable":true,"href":"https:\/\/blogs.correiobraziliense.com.br\/cbpoder\/wp-json\/wp\/v2\/media\/12757"}],"wp:attachment":[{"href":"https:\/\/blogs.correiobraziliense.com.br\/cbpoder\/wp-json\/wp\/v2\/media?parent=12752"}],"wp:term":[{"taxonomy":"category","embeddable":true,"href":"https:\/\/blogs.correiobraziliense.com.br\/cbpoder\/wp-json\/wp\/v2\/categories?post=12752"},{"taxonomy":"post_tag","embeddable":true,"href":"https:\/\/blogs.correiobraziliense.com.br\/cbpoder\/wp-json\/wp\/v2\/tags?post=12752"}],"curies":[{"name":"wp","href":"https:\/\/api.w.org\/{rel}","templated":true}]}}