{"id":12745,"date":"2018-09-03T15:35:11","date_gmt":"2018-09-03T18:35:11","guid":{"rendered":"https:\/\/blogs.correiobraziliense.com.br\/cbpoder\/?p=12745"},"modified":"2018-09-03T15:38:10","modified_gmt":"2018-09-03T18:38:10","slug":"candidato-do-psd-ao-gdf-rogerio-rosso-promete-criar-secretaria-da-pessoa-com-deficiencia","status":"publish","type":"post","link":"https:\/\/blogs.correiobraziliense.com.br\/cbpoder\/candidato-do-psd-ao-gdf-rogerio-rosso-promete-criar-secretaria-da-pessoa-com-deficiencia\/","title":{"rendered":"Rog\u00e9rio Rosso promete criar Secretaria da Pessoa com Defici\u00eancia"},"content":{"rendered":"<p><strong>PEDRO GRIGORI<\/strong><\/p>\n<p><span style=\"font-weight: 400\">A agenda do candidato ao GDF Rog\u00e9rio Rosso (PSD), nesta segunda-feira (3\/9), teve foco no incentivo ao esporte e na inclus\u00e3o de pessoas com defici\u00eancia. Em almo\u00e7o com o presidente do Comit\u00ea Paral\u00edmpico Internacional (IPC), Andrew Parsons, o deputado federal licenciado ouviu e discutiu propostas, al\u00e9m de apresentar plano para a cria\u00e7\u00e3o de uma Secretaria Especial para a Pessoa com Defici\u00eancia.<\/span><\/p>\n<p>&nbsp;<\/p>\n<p><span style=\"font-weight: 400\">Pela proje\u00e7\u00e3o, a pasta ser\u00e1 ligada ao gabinete do governador e, possivelmente, instalada na Casa Civil do DF. O objetivo \u00e9 que a secretaria de Estado cuide de todos assuntos relacionados a pessoas com defici\u00eancia, como sa\u00fade, cultura e esporte. O projeto do PSD segue exemplo de outras unidades da Federa\u00e7\u00e3o, como S\u00e3o Paulo.<\/span><\/p>\n<p>&nbsp;<\/p>\n<p><span style=\"font-weight: 400\">Rosso apresentou tamb\u00e9m duas propostas relacionadas ao incentivo do esporte no DF. \u201cA nossa ideia \u00e9 reformar e colocar pra funcionar todas as vilas ol\u00edmpicas. Al\u00e9m disso, queremos instalar novos equipamentos de esporte nas escolas que tiverem espa\u00e7os livres\u201d, afirma. O objetivo da a\u00e7\u00e3o, segundo o postulante ao GDF, \u00e9 integrar esporte e \u00a0educa\u00e7\u00e3o. \u201cAs atividades esportivas ser\u00e3o feitas no hor\u00e1rio contr\u00e1rio, queremos fazer os alunos gostarem de estar dentro da escola\u201d, explicou o deputado federal.<\/span><\/p>\n<p>&nbsp;<\/p>\n<blockquote><p><span style=\"font-weight: 400\">A expectativa \u00e9 que a verba para o investimento venha dos Minist\u00e9rios do Esportes e da Educa\u00e7\u00e3o e de parcerias com o setor privado. \u201cFecharemos acordos com empresas, que v\u00e3o construir os centros esportivos e, em contrapartida, poder\u00e3o ocupar parte da \u00e1rea da escola\u201d, detalhou Rosso.<\/span><\/p>\n<p>&nbsp;<\/p><\/blockquote>\n<p><span style=\"font-weight: 400\">A iniciativa do almo\u00e7o partiu do deputado distrital Rob\u00e9rio Negreiros (PSD). O encontro ocorreu em um restaurante no shopping Deck Norte. O presidente do Comit\u00ea Paral\u00edmpico Internacional (IPC), Andrew Parsons, apresentou detalhes do Plano de Desenvolvimento do Esporte Paral\u00edmpico no DF, que ser\u00e1 entregue ao candidato do PSD ao Buriti at\u00e9 o fim do dia, para fazer parte do plano de governo. \u201cCriamos e apresentamos esse plano ao Governo do DF em 2010 e 2011, quando presidia o Comit\u00ea Paral\u00edmpico Brasileiro, mas n\u00e3o houve interesse em lev\u00e1-lo \u00e0 frente\u201d, contou Andrew, que nasceu no Rio de Janeiro e hoje mora em Bras\u00edlia.<\/span><\/p>\n<p>&nbsp;<\/p>\n<p><span style=\"font-weight: 400\">Entre as a\u00e7\u00f5es do plano est\u00e3o o apoio a atletas e comiss\u00f5es t\u00e9cnicas paral\u00edmpicas. \u201cQueremos ajudar n\u00e3o s\u00f3 os atletas j\u00e1 consagrados, mas incentivar o desenvolvimento de novos. Al\u00e9m disso, mesmo aqueles que n\u00e3o querem seguir carreira esportiva, ter contato com atividades f\u00edsicas traz diversas melhorias para a sa\u00fade e qualidade de vida\u201d, informou o presidente da IPC.<\/span><\/p>\n<p>&nbsp;<\/p>\n<h2><b>Encontros na agenda <\/b><\/h2>\n<p>&nbsp;<\/p>\n<p><span style=\"font-weight: 400\">Antes do almo\u00e7o, Rosso ouviu vaias e cr\u00edticas de um casal que passava pelo shopping Deck Norte. Ele foi chamado de \u201cgolpista, imbecil e traidor\u201d, por ter votado a favor da impeachment da ex-presidenta Dilma Rousseff (PT), da Proposta de Emenda Constitucional (PEC) do teto dos gastos e da reforma trabalhista. O deputado federal n\u00e3o reagiu,e ignorou os manifestantes.<\/span><\/p>\n<p>&nbsp;<\/p>\n<p><span style=\"font-weight: 400\">No dia 23 de agosto, Rosso foi hostilizado pelo mesmo motivo durante uma caminhada no Setor Comercial Sul (SCS). O candidato ao Buriti estava acompanhado do senador Cristovam Buarque (PPS), que acabou batendo boca com o manifestante que os chamaram de \u201cgolpista\u201d e de \u201ctraidor\u201d. O senador, que concorre \u00e0 reelei\u00e7\u00e3o, perdeu a calma e, com dedos apontados, come\u00e7ou uma discuss\u00e3o. <a href=\"https:\/\/blogs.correiobraziliense.com.br\/cbpoder\/cristovam-e-chamado-de-golpista-e-bate-boca-com-manifestante-pro-lula\/\" target=\"_blank\">Ele chamou o manifestante de \u201ccorrupto\u201d<\/a>.<\/span><\/p>\n<p>&nbsp;<\/p>\n<p><span style=\"font-weight: 400\">Quem tamb\u00e9m passou pela agenda de Rosso foi o deputado federal Izalci Lucas (PSDB), que disputa uma vaga no Senado Federal. O tucano estava almo\u00e7ando no shopping, mas aproveitou para distribuir santinhos para quem passava pelo local, entregando material inclusive para as pessoas que estavam reunidas com o candidato do PSD ao GDF.<\/span><\/p>\n","protected":false},"excerpt":{"rendered":"<p>PEDRO GRIGORI A agenda do candidato ao GDF Rog\u00e9rio Rosso (PSD), nesta segunda-feira (3\/9), teve foco no incentivo ao esporte e na inclus\u00e3o de pessoas com defici\u00eancia. Em almo\u00e7o com o presidente do Comit\u00ea Paral\u00edmpico Internacional (IPC), Andrew Parsons, o deputado federal licenciado ouviu e discutiu propostas, al\u00e9m de apresentar plano para a cria\u00e7\u00e3o de uma Secretaria Especial para a [&hellip;]<\/p>\n","protected":false},"author":90,"featured_media":12746,"comment_status":"open","ping_status":"closed","sticky":false,"template":"","format":"standard","meta":{"footnotes":""},"categories":[234],"tags":[1345,807,1463],"class_list":["post-12745","post","type-post","status-publish","format-standard","has-post-thumbnail","hentry","category-cb-poder","tag-candidato-ao-gdf","tag-eleicoes-2018","tag-pessoa-com-deficiencia"],"_links":{"self":[{"href":"https:\/\/blogs.correiobraziliense.com.br\/cbpoder\/wp-json\/wp\/v2\/posts\/12745","targetHints":{"allow":["GET"]}}],"collection":[{"href":"https:\/\/blogs.correiobraziliense.com.br\/cbpoder\/wp-json\/wp\/v2\/posts"}],"about":[{"href":"https:\/\/blogs.correiobraziliense.com.br\/cbpoder\/wp-json\/wp\/v2\/types\/post"}],"author":[{"embeddable":true,"href":"https:\/\/blogs.correiobraziliense.com.br\/cbpoder\/wp-json\/wp\/v2\/users\/90"}],"replies":[{"embeddable":true,"href":"https:\/\/blogs.correiobraziliense.com.br\/cbpoder\/wp-json\/wp\/v2\/comments?post=12745"}],"version-history":[{"count":3,"href":"https:\/\/blogs.correiobraziliense.com.br\/cbpoder\/wp-json\/wp\/v2\/posts\/12745\/revisions"}],"predecessor-version":[{"id":12749,"href":"https:\/\/blogs.correiobraziliense.com.br\/cbpoder\/wp-json\/wp\/v2\/posts\/12745\/revisions\/12749"}],"wp:featuredmedia":[{"embeddable":true,"href":"https:\/\/blogs.correiobraziliense.com.br\/cbpoder\/wp-json\/wp\/v2\/media\/12746"}],"wp:attachment":[{"href":"https:\/\/blogs.correiobraziliense.com.br\/cbpoder\/wp-json\/wp\/v2\/media?parent=12745"}],"wp:term":[{"taxonomy":"category","embeddable":true,"href":"https:\/\/blogs.correiobraziliense.com.br\/cbpoder\/wp-json\/wp\/v2\/categories?post=12745"},{"taxonomy":"post_tag","embeddable":true,"href":"https:\/\/blogs.correiobraziliense.com.br\/cbpoder\/wp-json\/wp\/v2\/tags?post=12745"}],"curies":[{"name":"wp","href":"https:\/\/api.w.org\/{rel}","templated":true}]}}