{"id":12738,"date":"2018-09-03T13:59:15","date_gmt":"2018-09-03T16:59:15","guid":{"rendered":"https:\/\/blogs.correiobraziliense.com.br\/cbpoder\/?p=12738"},"modified":"2018-09-03T13:59:15","modified_gmt":"2018-09-03T16:59:15","slug":"fraga-aposta-em-pacote-de-medidas-para-estimular-o-empresariado","status":"publish","type":"post","link":"https:\/\/blogs.correiobraziliense.com.br\/cbpoder\/fraga-aposta-em-pacote-de-medidas-para-estimular-o-empresariado\/","title":{"rendered":"Fraga aposta em pacote de medidas para estimular micro e pequenas empresas"},"content":{"rendered":"<p><strong>AUGUSTO FERNANDES\u00a0<\/strong><\/p>\n<p><span style=\"font-weight: 400\">O candidato do DEM ao Governo do Distrito Federal, Alberto Fraga, iniciou a semana, nesta segunda-feira (03\/09), com uma reuni\u00e3o ao lado de representantes da Associa\u00e7\u00e3o das Micro e Pequenas Empresas do DF. O postulante ao Pal\u00e1cio do Buriti prometeu mais investimentos no \u00a0setor produtivo de Bras\u00edlia, caso seja eleito.<\/span><\/p>\n<p>&nbsp;<\/p>\n<p><span style=\"font-weight: 400\">O democrata anunciou um pacote de medidas guiado por quatro eixos: transforma\u00e7\u00e3o do Banco de Bras\u00edlia (BRB) em um banco de fomento, cria\u00e7\u00e3o da Secretaria das Micro e Pequenas Empresas, do Na Hora Empresarial e de diretorias de desenvolvimento econ\u00f4mico em todas as administra\u00e7\u00f5es regionais do DF.<\/span><\/p>\n<p>&nbsp;<\/p>\n<blockquote><p><span style=\"font-weight: 400\">Fraga explicou que, com o BRB como banco de investimento, tanto pessoas jur\u00eddicas quanto f\u00edsicas poder\u00e3o ser auxiliadas. &#8220;Os micro e pequenos empreendedores surgem pessoalmente, vendendo picol\u00e9 e churrasquinho, por exemplo. Com o incentivo do banco, eles poder\u00e3o aumentar o empreendimento e se tornar grandes empres\u00e1rios. Ser\u00e1 importante para fomentar o consumo e gerar novos empregos&#8221;, comentou.<\/span><\/p>\n<p>&nbsp;<\/p><\/blockquote>\n<p><span style=\"font-weight: 400\">De acordo com o candidato, uma futura pasta para cuidar do tema seria gerida por pessoas ligadas ao empresariado. Fraga tamb\u00e9m destacou que o Na Hora Empresarial e as diretorias de desenvolvimento econ\u00f4mico otimizariam o trabalho. &#8220;Vai facilitar a vida de quem precisa de documentos para gerir o seu empreendimento. Hoje, existem pessoas que levam dois anos para conseguir um alvar\u00e1 de funcionamento. Com esses \u00f3rg\u00e3os, eles ser\u00e3o melhor acolhidos e ter\u00e3o mais agilidade para resolver as suas necessidades&#8221;, esclareceu.<\/span><\/p>\n<p>&nbsp;<\/p>\n<h2>Carga tribut\u00e1ria<\/h2>\n<p>&nbsp;<\/p>\n<p><span style=\"font-weight: 400\">Durante a conversa, o democrata ouviu reclama\u00e7\u00f5es sobre a alta carga tribut\u00e1ria para os empres\u00e1rios do DF, e firmou o compromisso de reduzir os impostos e gerar linhas de cr\u00e9dito com mais facilidade em um poss\u00edvel governo.<\/span><\/p>\n<p>&nbsp;<\/p>\n<p><span style=\"font-weight: 400\">&#8220;Existe lei federal que permite que o governo fa\u00e7a isso. Vou lutar at\u00e9 fim, para evitar que as empresas de Bras\u00edlia migrem para cidades do Goi\u00e1s, gerando uma concorr\u00eancia desleal. Al\u00e9m disso, quero trazer de volta as empresas que perdemos, garantindo novos postos de empregos e diminuindo a viol\u00eancia&#8221;, destacou.<\/span><\/p>\n","protected":false},"excerpt":{"rendered":"<p>AUGUSTO FERNANDES\u00a0 O candidato do DEM ao Governo do Distrito Federal, Alberto Fraga, iniciou a semana, nesta segunda-feira (03\/09), com uma reuni\u00e3o ao lado de representantes da Associa\u00e7\u00e3o das Micro e Pequenas Empresas do DF. O postulante ao Pal\u00e1cio do Buriti prometeu mais investimentos no \u00a0setor produtivo de Bras\u00edlia, caso seja eleito. &nbsp; O democrata anunciou um pacote de medidas [&hellip;]<\/p>\n","protected":false},"author":90,"featured_media":12740,"comment_status":"open","ping_status":"closed","sticky":false,"template":"","format":"standard","meta":{"footnotes":""},"categories":[234],"tags":[693,1345,807,1462],"class_list":["post-12738","post","type-post","status-publish","format-standard","has-post-thumbnail","hentry","category-cb-poder","tag-alberto-fraga","tag-candidato-ao-gdf","tag-eleicoes-2018","tag-micro-e-pequenas-empresas"],"_links":{"self":[{"href":"https:\/\/blogs.correiobraziliense.com.br\/cbpoder\/wp-json\/wp\/v2\/posts\/12738","targetHints":{"allow":["GET"]}}],"collection":[{"href":"https:\/\/blogs.correiobraziliense.com.br\/cbpoder\/wp-json\/wp\/v2\/posts"}],"about":[{"href":"https:\/\/blogs.correiobraziliense.com.br\/cbpoder\/wp-json\/wp\/v2\/types\/post"}],"author":[{"embeddable":true,"href":"https:\/\/blogs.correiobraziliense.com.br\/cbpoder\/wp-json\/wp\/v2\/users\/90"}],"replies":[{"embeddable":true,"href":"https:\/\/blogs.correiobraziliense.com.br\/cbpoder\/wp-json\/wp\/v2\/comments?post=12738"}],"version-history":[{"count":3,"href":"https:\/\/blogs.correiobraziliense.com.br\/cbpoder\/wp-json\/wp\/v2\/posts\/12738\/revisions"}],"predecessor-version":[{"id":12743,"href":"https:\/\/blogs.correiobraziliense.com.br\/cbpoder\/wp-json\/wp\/v2\/posts\/12738\/revisions\/12743"}],"wp:featuredmedia":[{"embeddable":true,"href":"https:\/\/blogs.correiobraziliense.com.br\/cbpoder\/wp-json\/wp\/v2\/media\/12740"}],"wp:attachment":[{"href":"https:\/\/blogs.correiobraziliense.com.br\/cbpoder\/wp-json\/wp\/v2\/media?parent=12738"}],"wp:term":[{"taxonomy":"category","embeddable":true,"href":"https:\/\/blogs.correiobraziliense.com.br\/cbpoder\/wp-json\/wp\/v2\/categories?post=12738"},{"taxonomy":"post_tag","embeddable":true,"href":"https:\/\/blogs.correiobraziliense.com.br\/cbpoder\/wp-json\/wp\/v2\/tags?post=12738"}],"curies":[{"name":"wp","href":"https:\/\/api.w.org\/{rel}","templated":true}]}}