{"id":12692,"date":"2018-08-30T15:53:38","date_gmt":"2018-08-30T18:53:38","guid":{"rendered":"https:\/\/blogs.correiobraziliense.com.br\/cbpoder\/?p=12692"},"modified":"2018-08-30T16:44:11","modified_gmt":"2018-08-30T19:44:11","slug":"rosso-comemora-aniversario-em-ceilandia-e-promete-maior-autonomia-administracoes","status":"publish","type":"post","link":"https:\/\/blogs.correiobraziliense.com.br\/cbpoder\/rosso-comemora-aniversario-em-ceilandia-e-promete-maior-autonomia-administracoes\/","title":{"rendered":"Rosso comemora anivers\u00e1rio em Ceil\u00e2ndia e promete maior autonomia a administra\u00e7\u00f5es"},"content":{"rendered":"<p>Deputado federal licenciado e candidato ao Pal\u00e1cio do Buriti, Rog\u00e9rio Rosso (PSD) comemorou, nesta quinta-feira (30\/08), o anivers\u00e1rio de 50 anos em uma churrascaria de Ceil\u00e2ndia \u2014 a princ\u00edpio, o almo\u00e7o aconteceria no restaurante comunit\u00e1rio da QNR. Na regi\u00e3o, a qual administrou \u00e0 \u00e9poca da gest\u00e3o de Joaquim Roriz, o pessedista prop\u00f4s a concess\u00e3o de maior autonomia \u00e0s cidades, a amplia\u00e7\u00e3o do Hospital Regional e a constru\u00e7\u00e3o de uma Policl\u00ednica. O parlamentar estava acompanhado de correligion\u00e1rios e aliados, como os postulantes ao Senado Cristovam Buarque (PPS) e Fernando Marques (Solidariedade), os concorrentes a deputado federal Marcos Pacco (Podemos) e Renato Santana (PSD), al\u00e9m dos distritais, que tentar\u00e3o a reelei\u00e7\u00e3o, Cristiano Ara\u00fajo (PSD) e Rob\u00e9rio Negreiros (PSD).<\/p>\n<p>&nbsp;<\/p>\n<p><span style=\"font-weight: 400\">Para garantir mais independ\u00eancia financeira \u00e0s administra\u00e7\u00f5es, Rosso pretende resgatar uma proposta apresentada \u00e0 C\u00e2mara Legislativa quando exercia o mandato tamp\u00e3o de governador, em 2010. A proposi\u00e7\u00e3o prev\u00ea o direcionamento de parte do IPTU pago pelos moradores a um fundo de desenvolvimento. <\/span><\/p>\n<p>&nbsp;<\/p>\n<blockquote><p><span style=\"font-weight: 400\">Um Conselho Comunit\u00e1rio decidiria, ent\u00e3o, em quais obras ou projetos aplicar a verba. &#8220;Hoje, o administrador \u00e9 apenas um intermedi\u00e1rio entre a popula\u00e7\u00e3o e o governo. As administra\u00e7\u00f5es dependem de recursos enviados pelo governo ou emendas parlamentares. \u00c9 preciso mudar isso para melhorar a gest\u00e3o&#8221;, observou. <\/span><\/p>\n<p>&nbsp;<\/p><\/blockquote>\n<p><span style=\"font-weight: 400\">O parlamentar disse, ainda, pretender criar crit\u00e9rios espec\u00edficos para a escolha de administradores. Na vis\u00e3o dele, o modelo proposto por Rodrigo Rollemberg (PSB), de elei\u00e7\u00e3o direta para os representantes, n\u00e3o funcionaria. &#8220;Imagine se a cidade indica algu\u00e9m da oposi\u00e7\u00e3o ao governador. Poderia enfrentar dificuldades para captar verba&#8221;, ponderou. E complementou: &#8220;Precisamos escolher pessoas que conhe\u00e7am a regi\u00e3o e tenham conhecimento sobre gest\u00e3o&#8221;<\/span><\/p>\n<p>&nbsp;<\/p>\n<h2><b>Sa\u00fade e seguran\u00e7a<\/b><\/h2>\n<p>&nbsp;<\/p>\n<p><span style=\"font-weight: 400\">Para resolver a situa\u00e7\u00e3o da Sa\u00fade, um dos setores mais sens\u00edveis da cidade, o deputado federal assegurou que vai ampliar o Hospital Regional de Ceil\u00e2ndia e criar uma Policl\u00ednica. &#8220;O HRC ocupa apenas 1\/4 do terreno dispon\u00edvel. Precisamos usar essa \u00e1rea para ter um centro m\u00e9dico que d\u00ea conta da popula\u00e7\u00e3o&#8221;, observou.<\/span><\/p>\n<p>&nbsp;<\/p>\n<p><span style=\"font-weight: 400\">Na \u00e1rea da Seguran\u00e7a, as medidas seguiriam tr\u00eas eixos: aumento de efetivo da Pol\u00edcia Militar, integra\u00e7\u00e3o com policiais do Entorno e cria\u00e7\u00e3o de centros de monitoramento. &#8220;Com tecnologias simples, podemos implementar salas de controle nas cidades, onde seriam verificadas filmagens em tempo real&#8221;, disse. &#8220;A integra\u00e7\u00e3o das pol\u00edcias, permitida por lei, \u00e9 necess\u00e1ria porque, por exemplo, se furtam um carro aqui e levam para \u00c1guas Lindas, acabou&#8221;, emendou.<\/span><\/p>\n<p>&nbsp;<\/p>\n<p>O parlamentar concorre na chapa &#8220;Unidos pelo DF&#8221;, formada por PSD, PPS, PRB, PSC, Solidariedade e Podemos. Cidade escolhida para a comemora\u00e7\u00e3o do anivers\u00e1rio, a Ceil\u00e2ndia concentra a maior parte do eleitorado do Distrito Federal\u00a0\u2014 na regi\u00e3o, h\u00e1 mais de 300 mil pessoas aptas a votar.<\/p>\n<h2><\/h2>\n","protected":false},"excerpt":{"rendered":"<p>Deputado federal licenciado e candidato ao Pal\u00e1cio do Buriti, Rog\u00e9rio Rosso (PSD) comemorou, nesta quinta-feira (30\/08), o anivers\u00e1rio de 50 anos em uma churrascaria de Ceil\u00e2ndia \u2014 a princ\u00edpio, o almo\u00e7o aconteceria no restaurante comunit\u00e1rio da QNR. Na regi\u00e3o, a qual administrou \u00e0 \u00e9poca da gest\u00e3o de Joaquim Roriz, o pessedista prop\u00f4s a concess\u00e3o de maior autonomia \u00e0s cidades, a [&hellip;]<\/p>\n","protected":false},"author":90,"featured_media":12696,"comment_status":"open","ping_status":"closed","sticky":false,"template":"","format":"standard","meta":{"footnotes":""},"categories":[234],"tags":[1451,807,1452],"class_list":["post-12692","post","type-post","status-publish","format-standard","has-post-thumbnail","hentry","category-cb-poder","tag-autonomia-a-administracoes-regionais","tag-eleicoes-2018","tag-hospital-regional-de-ceilandia"],"_links":{"self":[{"href":"https:\/\/blogs.correiobraziliense.com.br\/cbpoder\/wp-json\/wp\/v2\/posts\/12692","targetHints":{"allow":["GET"]}}],"collection":[{"href":"https:\/\/blogs.correiobraziliense.com.br\/cbpoder\/wp-json\/wp\/v2\/posts"}],"about":[{"href":"https:\/\/blogs.correiobraziliense.com.br\/cbpoder\/wp-json\/wp\/v2\/types\/post"}],"author":[{"embeddable":true,"href":"https:\/\/blogs.correiobraziliense.com.br\/cbpoder\/wp-json\/wp\/v2\/users\/90"}],"replies":[{"embeddable":true,"href":"https:\/\/blogs.correiobraziliense.com.br\/cbpoder\/wp-json\/wp\/v2\/comments?post=12692"}],"version-history":[{"count":1,"href":"https:\/\/blogs.correiobraziliense.com.br\/cbpoder\/wp-json\/wp\/v2\/posts\/12692\/revisions"}],"predecessor-version":[{"id":12693,"href":"https:\/\/blogs.correiobraziliense.com.br\/cbpoder\/wp-json\/wp\/v2\/posts\/12692\/revisions\/12693"}],"wp:featuredmedia":[{"embeddable":true,"href":"https:\/\/blogs.correiobraziliense.com.br\/cbpoder\/wp-json\/wp\/v2\/media\/12696"}],"wp:attachment":[{"href":"https:\/\/blogs.correiobraziliense.com.br\/cbpoder\/wp-json\/wp\/v2\/media?parent=12692"}],"wp:term":[{"taxonomy":"category","embeddable":true,"href":"https:\/\/blogs.correiobraziliense.com.br\/cbpoder\/wp-json\/wp\/v2\/categories?post=12692"},{"taxonomy":"post_tag","embeddable":true,"href":"https:\/\/blogs.correiobraziliense.com.br\/cbpoder\/wp-json\/wp\/v2\/tags?post=12692"}],"curies":[{"name":"wp","href":"https:\/\/api.w.org\/{rel}","templated":true}]}}