{"id":12629,"date":"2018-08-27T14:36:55","date_gmt":"2018-08-27T17:36:55","guid":{"rendered":"https:\/\/blogs.correiobraziliense.com.br\/cbpoder\/?p=12629"},"modified":"2018-08-27T14:36:55","modified_gmt":"2018-08-27T17:36:55","slug":"candidata-ao-gdf-pelo-pros-eliana-pedrosa-promete-construcao-de-viaduto-e-hospital-no-recanto-das-emas","status":"publish","type":"post","link":"https:\/\/blogs.correiobraziliense.com.br\/cbpoder\/candidata-ao-gdf-pelo-pros-eliana-pedrosa-promete-construcao-de-viaduto-e-hospital-no-recanto-das-emas\/","title":{"rendered":"Candidata ao GDF, Eliana Pedrosa promete constru\u00e7\u00e3o de viaduto e hospital no Recanto das Emas"},"content":{"rendered":"<p><span style=\"font-weight: 400\">PEDRO GRIGORI<\/span><\/p>\n<p>&nbsp;<\/p>\n<p><span style=\"font-weight: 400\">A candidata do Pros ao Pal\u00e1cio do Buriti, Eliana Pedrosa, fez campanha nesta segunda-feira (27\/8), no Recanto das Emas. Nas ruas, as principais reclama\u00e7\u00f5es ouvidas foram relacionadas a sa\u00fade p\u00fablica. Com isso, Eliana se comprometeu a melhorar o atendimento das Unidades de Pronto Atendimento (UPA) e a criar um hospital na cidade.<\/span><\/p>\n<p>&nbsp;<\/p>\n<p><span style=\"font-weight: 400\">\u201cDe cada 10 pessoas que conversei no Recanto, 11 reclamam da sa\u00fade p\u00fablica. Primeiro vamos fazer funcionar a UPA e os centros de sa\u00fade, e com atendimento de qualidade. Quando garantirmos isso, come\u00e7aremos a levantar o Hospital do Recanto da Emas\u201d, assegurou a candidata.<\/span><\/p>\n<p>&nbsp;<\/p>\n<p><span style=\"font-weight: 400\">Eliana destacou tamb\u00e9m que a equipe est\u00e1 estudando a implementa\u00e7\u00e3o de um aplicativo para <em>smartphones<\/em> e <em>tablets<\/em> que mostre em tempo real quais unidades de sa\u00fade det\u00eam m\u00e9dicos de determinadas especialidades. \u201cN\u00e3o estou aqui fazendo promessas, mas compromissos. Nossa equipe fez um plano de governo apenas com o que teremos condi\u00e7\u00f5es de fazer caso eleitos\u201d, disse Pedrosa.<\/span><\/p>\n<p>&nbsp;<\/p>\n<blockquote><p><span style=\"font-weight: 400\">A candidata citou ainda solu\u00e7\u00f5es para os problemas de mobilidade urbana da regi\u00e3o. Entre elas, a constru\u00e7\u00e3o de um viaduto na entrada da cidade, e o aumento de linhas de \u00f4nibus circulares na regi\u00e3o. \u201cOs congestionamentos na entrada do Recanto s\u00e3o enormes, prejudicando at\u00e9 os moradores das cidades vizinhas, como Samambaia. Todo mundo promete resolver isso, mas n\u00e3o faz. Nossa proposta \u00e9 j\u00e1 chegar no governo fazendo a licita\u00e7\u00e3o da obra\u201d, afirmou.<\/span><\/p>\n<p>&nbsp;<\/p><\/blockquote>\n<p><span style=\"font-weight: 400\">A postulante do Pros ao Buriti passou cerca de uma hora conversando com comerciantes na Avenida Recanto das Emas. Participaram da panfletagem, ainda, o Juiz Everardo Ribeiro (PMN), candidato ao Senado Federal; o ex-diretor de Comunica\u00e7\u00e3o da Pol\u00edcia Civil, Miguel Lucena (PTB), concorrente a deputado federal; e os postulantes a deputado distrital Delegado Pablo Aguiar (PTB) e Tales (PTC).<\/span><\/p>\n<p>&nbsp;<\/p>\n<h2><b>Alian\u00e7as<\/b><\/h2>\n<p>&nbsp;<\/p>\n<p><span style=\"font-weight: 400\">Na manh\u00e3 deste domingo (26\/8), Eliana Pedrosa mudou a agenda de campanha na \u00faltima hora e apareceu na Feira da 303 Sul, em Samambaia. L\u00e1, encontrou Alberto Fraga (DEM), que panfletava no mesmo local. Os dois candidatos ao GDF tiraram fotos juntos, e Fraga postou a imagem no stories do Instagram com a legenda \u201cPol\u00edtica tem que ser feita com respeito\u201d.<\/span><\/p>\n<p>&nbsp;<\/p>\n<p><span style=\"font-weight: 400\">Os dois candidatos j\u00e1 foram do mesmo partido, o DEM, e afirmam ter uma boa rela\u00e7\u00e3o, mas, at\u00e9 o momento, Eliana nega acordos para um segundo turno. \u201cN\u00e3o tem nada conversado nesse sentido (de uma alian\u00e7a). Nos respeitamos e o fato de estarmos disputando o mesmo cargo n\u00e3o nos torna inimigos. \u00c9 sempre um prazer v\u00ea-lo e cumpriment\u00e1-lo. A disputa fica no campo das ideias e das propostas, n\u00e3o no pessoal\u201d, contou<\/span><\/p>\n<p>&nbsp;<br \/>\n<span style=\"font-weight: 400\">Na feira de Samambaia, neste domingo, Eliana encontrou tamb\u00e9m o candidato do PSDB ao Senado Federal, Izalci Lucas, e comentou ao <\/span><b>Correio <\/b><span style=\"font-weight: 400\">sobre um poss\u00edvel apoio, tendo em vista que s\u00f3 h\u00e1 um nome ao Senado em sua chapa. \u201cSeria bastante interessante esse arranjo, mas, no momento, n\u00e3o \u00e9 poss\u00edvel. Eles j\u00e1 tem dois nomes ao Senado (Izalci e a Professora Am\u00e1bile, do PR), e com isso Fraga n\u00e3o teria condi\u00e7\u00f5es de apoiar o nosso candidato\u201d, explicou. Eliana j\u00e1 havia feito propostas para Izalci participar de sua coliga\u00e7\u00e3o, mas o tucano afirmou que s\u00f3 iria se fosse como candidato ao GDF.<\/span><\/p>\n","protected":false},"excerpt":{"rendered":"<p>PEDRO GRIGORI &nbsp; A candidata do Pros ao Pal\u00e1cio do Buriti, Eliana Pedrosa, fez campanha nesta segunda-feira (27\/8), no Recanto das Emas. Nas ruas, as principais reclama\u00e7\u00f5es ouvidas foram relacionadas a sa\u00fade p\u00fablica. Com isso, Eliana se comprometeu a melhorar o atendimento das Unidades de Pronto Atendimento (UPA) e a criar um hospital na cidade. &nbsp; \u201cDe cada 10 pessoas [&hellip;]<\/p>\n","protected":false},"author":90,"featured_media":12630,"comment_status":"open","ping_status":"closed","sticky":false,"template":"","format":"standard","meta":{"footnotes":""},"categories":[234],"tags":[1449,807,1215,108,8,1450],"class_list":["post-12629","post","type-post","status-publish","format-standard","has-post-thumbnail","hentry","category-cb-poder","tag-candidata-ao-gdf","tag-eleicoes-2018","tag-eliana-pedrosa","tag-hospital","tag-onibus","tag-recantos-das-emas"],"_links":{"self":[{"href":"https:\/\/blogs.correiobraziliense.com.br\/cbpoder\/wp-json\/wp\/v2\/posts\/12629","targetHints":{"allow":["GET"]}}],"collection":[{"href":"https:\/\/blogs.correiobraziliense.com.br\/cbpoder\/wp-json\/wp\/v2\/posts"}],"about":[{"href":"https:\/\/blogs.correiobraziliense.com.br\/cbpoder\/wp-json\/wp\/v2\/types\/post"}],"author":[{"embeddable":true,"href":"https:\/\/blogs.correiobraziliense.com.br\/cbpoder\/wp-json\/wp\/v2\/users\/90"}],"replies":[{"embeddable":true,"href":"https:\/\/blogs.correiobraziliense.com.br\/cbpoder\/wp-json\/wp\/v2\/comments?post=12629"}],"version-history":[{"count":2,"href":"https:\/\/blogs.correiobraziliense.com.br\/cbpoder\/wp-json\/wp\/v2\/posts\/12629\/revisions"}],"predecessor-version":[{"id":12632,"href":"https:\/\/blogs.correiobraziliense.com.br\/cbpoder\/wp-json\/wp\/v2\/posts\/12629\/revisions\/12632"}],"wp:featuredmedia":[{"embeddable":true,"href":"https:\/\/blogs.correiobraziliense.com.br\/cbpoder\/wp-json\/wp\/v2\/media\/12630"}],"wp:attachment":[{"href":"https:\/\/blogs.correiobraziliense.com.br\/cbpoder\/wp-json\/wp\/v2\/media?parent=12629"}],"wp:term":[{"taxonomy":"category","embeddable":true,"href":"https:\/\/blogs.correiobraziliense.com.br\/cbpoder\/wp-json\/wp\/v2\/categories?post=12629"},{"taxonomy":"post_tag","embeddable":true,"href":"https:\/\/blogs.correiobraziliense.com.br\/cbpoder\/wp-json\/wp\/v2\/tags?post=12629"}],"curies":[{"name":"wp","href":"https:\/\/api.w.org\/{rel}","templated":true}]}}