{"id":12531,"date":"2018-08-21T15:16:15","date_gmt":"2018-08-21T18:16:15","guid":{"rendered":"https:\/\/blogs.correiobraziliense.com.br\/cbpoder\/?p=12531"},"modified":"2018-08-21T15:18:32","modified_gmt":"2018-08-21T18:18:32","slug":"fraga-dispara-criticas-e-acusacoes-a-filippelli-agnelo-e-ibaneis-rocha","status":"publish","type":"post","link":"https:\/\/blogs.correiobraziliense.com.br\/cbpoder\/fraga-dispara-criticas-e-acusacoes-a-filippelli-agnelo-e-ibaneis-rocha\/","title":{"rendered":"Fraga dispara cr\u00edticas e acusa\u00e7\u00f5es contra Filippelli, Agnelo e Ibaneis Rocha"},"content":{"rendered":"<p>Alexandre de Paula<\/p>\n<p>&nbsp;<\/p>\n<p><span style=\"font-weight: 400\">O deputado federal e candidato ao GDF pelo DEM, Alberto Fraga, disparou cr\u00edticas e acusa\u00e7\u00f5es contra diversos advers\u00e1rios em entrevista ao<strong> CB.Poder<\/strong>, parceria do Correio Braziliense com a TV Bras\u00edlia. Com estilo caracter\u00edstico, ele afirmou, por exemplo, que houve desvios na licita\u00e7\u00e3o de \u00f4nibus realizada, em 2011, pelo governo de Agnelo Queiroz (PT). O deputado disse tamb\u00e9m que h\u00e1 personagens envolvidos no esc\u00e2ndalo da Caixa de Pandora que n\u00e3o foram denunciados. O democrata ainda apontou abuso do poder econ\u00f4mico na campanha de Ibaneis Rocha (MDB) ao Pal\u00e1cio do Buriti.\u00a0<\/span><\/p>\n<p>&nbsp;<\/p>\n<blockquote><p><span style=\"font-weight: 400\">Secret\u00e1rio de Transporte na gest\u00e3o de Jos\u00e9 Roberto Arruda (PR), Fraga\u00a0destacou\u00a0a possibilidade de corrup\u00e7\u00e3o\u00a0no processo licitat\u00f3rio que selecionou as empresas de \u00f4nibus que rodariam no DF \u2014 o setor era controlado pelo vice-governador da gest\u00e3o petista, Tadeu Filippelli (MDB). \u201cMe causa muita estranheza fazer uma licita\u00e7\u00e3o p\u00fablica da bacia toda do DF e n\u00e3o haver o pagamento de 1 centavo de outorga. Uma empresa bota n\u00e3o sei quantos \u00f4nibus na cidade e n\u00e3o paga nada. Estamos falando de, no m\u00ednimo, 80 milh\u00f5es.\u201d<\/span><\/p><\/blockquote>\n<p>&nbsp;<\/p>\n<p><span style=\"font-weight: 400\">Alberto Fraga disse ainda que teve acesso a v\u00eddeos que mostram personagens de Bras\u00edlia envolvidos no esquema de corrup\u00e7\u00e3o denunciado pela Opera\u00e7\u00e3o Caixa de Pandora, a qual investigou a distribui\u00e7\u00e3o de recursos ilegais \u00e0 base governista da gest\u00e3o de Arruda no Distrito Federal. De acordo com o deputado, v\u00e1rios desses nomes n\u00e3o aparecem nos inqu\u00e9ritos. Ele\u00a0<\/span>desconversou, mas confirmou ter visto filmagens em que o candidato ao GDF pelo PSD, o deputado federal licenciado Rog\u00e9rio Rosso, aparece. Ele se negou a responder qual o conte\u00fados das grava\u00e7\u00f5es e se havia atos il\u00edcitos praticados pelo advers\u00e1rio nas imagens.<\/p>\n<p>&nbsp;<\/p>\n<p><span style=\"font-weight: 400\">O parlamentar tamb\u00e9m rebateu cr\u00edticas de Ibaneis Rocha, postulante do MDB ao GDF. Fraga afirmou esperar que o Minist\u00e9rio P\u00fablico investigue o caso. \u201c\u00c9 s\u00f3 ficar atento. Todo mundo v\u00ea, todo mundo sabe disso. Como algu\u00e9m contrata 4 ou 5 mil pessoas para a campanha? Se for a um sal\u00e1rio m\u00ednimo, s\u00f3 a\u00ed j\u00e1 s\u00e3o R$ 4 milh\u00f5es\u201d, disparou.<\/span><\/p>\n<p>&nbsp;<\/p>\n<h3>Confira a \u00edntegra:<\/h3>\n<p>&nbsp;<\/p>\n<p>https:\/\/www.facebook.com\/correiobraziliense\/videos\/237292120323102\/<\/p>\n","protected":false},"excerpt":{"rendered":"<p>Alexandre de Paula &nbsp; O deputado federal e candidato ao GDF pelo DEM, Alberto Fraga, disparou cr\u00edticas e acusa\u00e7\u00f5es contra diversos advers\u00e1rios em entrevista ao CB.Poder, parceria do Correio Braziliense com a TV Bras\u00edlia. Com estilo caracter\u00edstico, ele afirmou, por exemplo, que houve desvios na licita\u00e7\u00e3o de \u00f4nibus realizada, em 2011, pelo governo de Agnelo Queiroz (PT). O deputado disse [&hellip;]<\/p>\n","protected":false},"author":90,"featured_media":10144,"comment_status":"open","ping_status":"closed","sticky":false,"template":"","format":"standard","meta":{"footnotes":""},"categories":[234],"tags":[358,1345,807,917],"class_list":["post-12531","post","type-post","status-publish","format-standard","has-post-thumbnail","hentry","category-cb-poder","tag-agnelo-queiroz","tag-candidato-ao-gdf","tag-eleicoes-2018","tag-ibaneis-rocha"],"_links":{"self":[{"href":"https:\/\/blogs.correiobraziliense.com.br\/cbpoder\/wp-json\/wp\/v2\/posts\/12531","targetHints":{"allow":["GET"]}}],"collection":[{"href":"https:\/\/blogs.correiobraziliense.com.br\/cbpoder\/wp-json\/wp\/v2\/posts"}],"about":[{"href":"https:\/\/blogs.correiobraziliense.com.br\/cbpoder\/wp-json\/wp\/v2\/types\/post"}],"author":[{"embeddable":true,"href":"https:\/\/blogs.correiobraziliense.com.br\/cbpoder\/wp-json\/wp\/v2\/users\/90"}],"replies":[{"embeddable":true,"href":"https:\/\/blogs.correiobraziliense.com.br\/cbpoder\/wp-json\/wp\/v2\/comments?post=12531"}],"version-history":[{"count":2,"href":"https:\/\/blogs.correiobraziliense.com.br\/cbpoder\/wp-json\/wp\/v2\/posts\/12531\/revisions"}],"predecessor-version":[{"id":12533,"href":"https:\/\/blogs.correiobraziliense.com.br\/cbpoder\/wp-json\/wp\/v2\/posts\/12531\/revisions\/12533"}],"wp:featuredmedia":[{"embeddable":true,"href":"https:\/\/blogs.correiobraziliense.com.br\/cbpoder\/wp-json\/wp\/v2\/media\/10144"}],"wp:attachment":[{"href":"https:\/\/blogs.correiobraziliense.com.br\/cbpoder\/wp-json\/wp\/v2\/media?parent=12531"}],"wp:term":[{"taxonomy":"category","embeddable":true,"href":"https:\/\/blogs.correiobraziliense.com.br\/cbpoder\/wp-json\/wp\/v2\/categories?post=12531"},{"taxonomy":"post_tag","embeddable":true,"href":"https:\/\/blogs.correiobraziliense.com.br\/cbpoder\/wp-json\/wp\/v2\/tags?post=12531"}],"curies":[{"name":"wp","href":"https:\/\/api.w.org\/{rel}","templated":true}]}}