{"id":12522,"date":"2018-08-21T11:49:05","date_gmt":"2018-08-21T14:49:05","guid":{"rendered":"https:\/\/blogs.correiobraziliense.com.br\/cbpoder\/?p=12522"},"modified":"2018-08-21T11:37:19","modified_gmt":"2018-08-21T14:37:19","slug":"inelegiveis-ex-distritais-tentam-emplacar-herdeiros","status":"publish","type":"post","link":"https:\/\/blogs.correiobraziliense.com.br\/cbpoder\/inelegiveis-ex-distritais-tentam-emplacar-herdeiros\/","title":{"rendered":"Ineleg\u00edveis, ex-distritais tentam emplacar herdeiros na C\u00e2mara Legislativa"},"content":{"rendered":"<p>O que Benair Domingos (PTC), Raad J\u00fanior (PSDB) e Rafael Prudente (MDB) t\u00eam em comum, al\u00e9m de estarem no p\u00e1reo por uma vaga na C\u00e2mara Legislativa? Os tr\u00eas s\u00e3o filhos de ex-deputados, Benedito Domingos, Raad Massouh e Leonardo Prudente, que est\u00e3o fora da pol\u00edtica por imposi\u00e7\u00e3o da Lei da Ficha Limpa. Rafael Prudente (foto) j\u00e1 conseguiu um primeiro mandato e \u00e9 uma das apostas do MDB para a reelei\u00e7\u00e3o.<\/p>\n","protected":false},"excerpt":{"rendered":"<p>O que Benair Domingos (PTC), Raad J\u00fanior (PSDB) e Rafael Prudente (MDB) t\u00eam em comum, al\u00e9m de estarem no p\u00e1reo por uma vaga na C\u00e2mara Legislativa? Os tr\u00eas s\u00e3o filhos de ex-deputados, Benedito Domingos, Raad Massouh e Leonardo Prudente, que est\u00e3o fora da pol\u00edtica por imposi\u00e7\u00e3o da Lei da Ficha Limpa. Rafael Prudente (foto) j\u00e1 conseguiu um primeiro mandato e [&hellip;]<\/p>\n","protected":false},"author":9,"featured_media":0,"comment_status":"open","ping_status":"closed","sticky":false,"template":"","format":"standard","meta":{"footnotes":""},"categories":[234],"tags":[],"class_list":["post-12522","post","type-post","status-publish","format-standard","hentry","category-cb-poder"],"_links":{"self":[{"href":"https:\/\/blogs.correiobraziliense.com.br\/cbpoder\/wp-json\/wp\/v2\/posts\/12522","targetHints":{"allow":["GET"]}}],"collection":[{"href":"https:\/\/blogs.correiobraziliense.com.br\/cbpoder\/wp-json\/wp\/v2\/posts"}],"about":[{"href":"https:\/\/blogs.correiobraziliense.com.br\/cbpoder\/wp-json\/wp\/v2\/types\/post"}],"author":[{"embeddable":true,"href":"https:\/\/blogs.correiobraziliense.com.br\/cbpoder\/wp-json\/wp\/v2\/users\/9"}],"replies":[{"embeddable":true,"href":"https:\/\/blogs.correiobraziliense.com.br\/cbpoder\/wp-json\/wp\/v2\/comments?post=12522"}],"version-history":[{"count":1,"href":"https:\/\/blogs.correiobraziliense.com.br\/cbpoder\/wp-json\/wp\/v2\/posts\/12522\/revisions"}],"predecessor-version":[{"id":12523,"href":"https:\/\/blogs.correiobraziliense.com.br\/cbpoder\/wp-json\/wp\/v2\/posts\/12522\/revisions\/12523"}],"wp:attachment":[{"href":"https:\/\/blogs.correiobraziliense.com.br\/cbpoder\/wp-json\/wp\/v2\/media?parent=12522"}],"wp:term":[{"taxonomy":"category","embeddable":true,"href":"https:\/\/blogs.correiobraziliense.com.br\/cbpoder\/wp-json\/wp\/v2\/categories?post=12522"},{"taxonomy":"post_tag","embeddable":true,"href":"https:\/\/blogs.correiobraziliense.com.br\/cbpoder\/wp-json\/wp\/v2\/tags?post=12522"}],"curies":[{"name":"wp","href":"https:\/\/api.w.org\/{rel}","templated":true}]}}