{"id":12512,"date":"2018-08-20T15:06:10","date_gmt":"2018-08-20T18:06:10","guid":{"rendered":"https:\/\/blogs.correiobraziliense.com.br\/cbpoder\/?p=12512"},"modified":"2018-08-20T16:49:11","modified_gmt":"2018-08-20T19:49:11","slug":"candidato-do-mdb-ao-gdf-ibaneis-ataca-eliana-pedrosa-fraga-e-rollemberg","status":"publish","type":"post","link":"https:\/\/blogs.correiobraziliense.com.br\/cbpoder\/candidato-do-mdb-ao-gdf-ibaneis-ataca-eliana-pedrosa-fraga-e-rollemberg\/","title":{"rendered":"Candidato do MDB ao GDF, Ibaneis ataca Eliana Pedrosa, Fraga e Rollemberg"},"content":{"rendered":"<p><span style=\"font-weight: 400\">Alexandre de Paula<\/span><\/p>\n<p>&nbsp;<\/p>\n<p><span style=\"font-weight: 400\">Candidato do MDB ao Pal\u00e1cio do Buriti, Ibaneis Rocha partiu para o ataque ao justificar por que retomou a candidatura\u00a0\u2014 em fevereiro, ele havia retirado o nome da corrida pelo GDF para apoiar o m\u00e9dico Jofran Frejat (PR), mas repensou a decis\u00e3o ap\u00f3s o ex-secret\u00e1rio de Sa\u00fade abandonar o jogo eleitoral, em julho.\u00a0&#8220;Eu deixei claro desde o in\u00edcio que s\u00f3 seria vice do Frejat por acreditar nele.\u00a0Tenho uma vida democr\u00e1tica. N\u00e3o poderia, jamais, ser vice do Fraga e ter um discurso radicalizado. Tenho uma vida no trabalhismo com os servidores p\u00fablicos, portanto, teria dificuldade\u00a0em me aliar \u00e0 campanha de Eliana Pedrosa, que \u00e9 uma empres\u00e1ria que\u00a0\u2014 dizem, pelo menos\u00a0\u2014 explora muito os trabalhadores. E a candidatura do atual governador \u00e9, para mim, o que todos devem combater&#8221;, alfinetou o emedebista, em\u00a0entrevista ao\u00a0<b>CB.Poder<\/b><span style=\"font-weight: 400\">, parceria do Correio Braziliense com a TV Bras\u00edlia, numa s\u00e9rie que recebe todos os postulantes ao Governo do Distrito Federal.<\/span><\/span><\/p>\n<p>&nbsp;<\/p>\n<p><span style=\"font-weight: 400\">O advogado\u00a0ainda voltou a afirmar que, caso seja eleito, reduzir\u00e1 impostos e pagar\u00e1 a terceira parcela do reajuste a 32 categorias do funcionalismo p\u00fablico, al\u00e9m de equiparar o sal\u00e1rio da Pol\u00edcia Civil ao da Federal.\u00a0<\/span>Segundo Ibaneis, atrasar a quita\u00e7\u00e3o do benef\u00edcio aos servidores,\u00a0compromisso firmado em lei durante o governo de Agnelo Queiroz (PT), \u00e9 postergar uma d\u00edvida que se multiplicar\u00e1. \u201cIsso \u00e9 irresponsabilidade com o DF, porque uma conta na Justi\u00e7a se acresce de juros, de honor\u00e1rios alt\u00edssimos. Isso vai deixar a popula\u00e7\u00e3o com ainda mais sofrimento e com uma conta que algu\u00e9m ter\u00e1 de pagar\u201d, criticou.<\/p>\n<p>&nbsp;<\/p>\n<blockquote><p><span style=\"font-weight: 400\">O advogado defende que seja feita uma negocia\u00e7\u00e3o com os servidores para estabelecer a forma como os d\u00e9bitos ser\u00e3o pagos. \u201cTem que sentar, olhar no olho e dizer: \u2018O que tem \u00e9 isso e n\u00f3s vamos fazer dessa maneira\u2019. Olhar com seriedade os servidores desta cidade\u201d, disse.<\/span><\/p>\n<p>&nbsp;<\/p><\/blockquote>\n<p><span style=\"font-weight: 400\">Ibaneis afirmou que, ainda no primeiro dia de governo, transmitir\u00e1 uma mensagem ao Governo Federal para garantir recursos do Fundo Constitucional do\u00a0DF \u00e0 equipara\u00e7\u00e3o do sal\u00e1rio da PCDF com a PF. \u201cN\u00f3s temos delegacias fechadas e, hoje, os policiais civis est\u00e3o completamente desanimados. Eu fiz esse compromisso com eles (e vou cumprir).\u201d<\/span><\/p>\n<p>&nbsp;<\/p>\n<p><span style=\"font-weight: 400\">Questionado se seria necess\u00e1rio aumentar impostos para pagar a conta dos reajustes ao funcionalismo, Ibaneis respondeu que n\u00e3o e ainda prometeu reduzi-los. \u201cN\u00f3s vamos diminuir os impostos no Distrito Federal para o n\u00edvel que estava em 2010\u201d, assegurou. \u201cEssa redu\u00e7\u00e3o vir\u00e1 no ICMS de combust\u00edvel, todas al\u00edquotas de IPTU, ISS. N\u00f3s temos de dar condi\u00e7\u00f5es de emprego e esse aumento s\u00f3 tem trazido desempregos\u201d, completou.<\/span><\/p>\n<p>&nbsp;<\/p>\n<h4>Confira a \u00edntegra:<\/h4>\n<p><a href=\"https:\/\/www.facebook.com\/correiobraziliense\/videos\/2302511133098203\/\">https:\/\/www.facebook.com\/correiobraziliense\/videos\/2302511133098203\/<\/a><\/p>\n<p>&nbsp;<\/p>\n","protected":false},"excerpt":{"rendered":"<p>Alexandre de Paula &nbsp; Candidato do MDB ao Pal\u00e1cio do Buriti, Ibaneis Rocha partiu para o ataque ao justificar por que retomou a candidatura\u00a0\u2014 em fevereiro, ele havia retirado o nome da corrida pelo GDF para apoiar o m\u00e9dico Jofran Frejat (PR), mas repensou a decis\u00e3o ap\u00f3s o ex-secret\u00e1rio de Sa\u00fade abandonar o jogo eleitoral, em julho.\u00a0&#8220;Eu deixei claro desde [&hellip;]<\/p>\n","protected":false},"author":90,"featured_media":12345,"comment_status":"open","ping_status":"closed","sticky":false,"template":"","format":"standard","meta":{"footnotes":""},"categories":[234],"tags":[1345,1441,807,917,288],"class_list":["post-12512","post","type-post","status-publish","format-standard","has-post-thumbnail","hentry","category-cb-poder","tag-candidato-ao-gdf","tag-corte-de-impostos","tag-eleicoes-2018","tag-ibaneis-rocha","tag-reajuste"],"_links":{"self":[{"href":"https:\/\/blogs.correiobraziliense.com.br\/cbpoder\/wp-json\/wp\/v2\/posts\/12512","targetHints":{"allow":["GET"]}}],"collection":[{"href":"https:\/\/blogs.correiobraziliense.com.br\/cbpoder\/wp-json\/wp\/v2\/posts"}],"about":[{"href":"https:\/\/blogs.correiobraziliense.com.br\/cbpoder\/wp-json\/wp\/v2\/types\/post"}],"author":[{"embeddable":true,"href":"https:\/\/blogs.correiobraziliense.com.br\/cbpoder\/wp-json\/wp\/v2\/users\/90"}],"replies":[{"embeddable":true,"href":"https:\/\/blogs.correiobraziliense.com.br\/cbpoder\/wp-json\/wp\/v2\/comments?post=12512"}],"version-history":[{"count":4,"href":"https:\/\/blogs.correiobraziliense.com.br\/cbpoder\/wp-json\/wp\/v2\/posts\/12512\/revisions"}],"predecessor-version":[{"id":12516,"href":"https:\/\/blogs.correiobraziliense.com.br\/cbpoder\/wp-json\/wp\/v2\/posts\/12512\/revisions\/12516"}],"wp:featuredmedia":[{"embeddable":true,"href":"https:\/\/blogs.correiobraziliense.com.br\/cbpoder\/wp-json\/wp\/v2\/media\/12345"}],"wp:attachment":[{"href":"https:\/\/blogs.correiobraziliense.com.br\/cbpoder\/wp-json\/wp\/v2\/media?parent=12512"}],"wp:term":[{"taxonomy":"category","embeddable":true,"href":"https:\/\/blogs.correiobraziliense.com.br\/cbpoder\/wp-json\/wp\/v2\/categories?post=12512"},{"taxonomy":"post_tag","embeddable":true,"href":"https:\/\/blogs.correiobraziliense.com.br\/cbpoder\/wp-json\/wp\/v2\/tags?post=12512"}],"curies":[{"name":"wp","href":"https:\/\/api.w.org\/{rel}","templated":true}]}}