{"id":12379,"date":"2018-08-13T11:55:25","date_gmt":"2018-08-13T14:55:25","guid":{"rendered":"https:\/\/blogs.correiobraziliense.com.br\/cbpoder\/?p=12379"},"modified":"2018-08-13T11:15:38","modified_gmt":"2018-08-13T14:15:38","slug":"negociacoes-com-o-pp-seguem-ate-dia-15","status":"publish","type":"post","link":"https:\/\/blogs.correiobraziliense.com.br\/cbpoder\/negociacoes-com-o-pp-seguem-ate-dia-15\/","title":{"rendered":"Negocia\u00e7\u00f5es com o PP seguem\u00a0at\u00e9 dia 15"},"content":{"rendered":"<p>O PP continua a ser a grande inc\u00f3gnita. Disputado por diversas chapas, o partido est\u00e1 acertado com Ibaneis Rocha (MDB), mas integrantes da legenda conversam com a chapa de Eliana Pedrosa (Pros). Em quest\u00e3o, a elei\u00e7\u00e3o do empres\u00e1rio Paulo Oct\u00e1vio ao Senado e o tempo de televis\u00e3o. At\u00e9 o dia 15, as negocia\u00e7\u00f5es continuam. Desde os tempos de Benedito Domingos, o PP \u00e9 o \u00faltimo partido a se definir.<\/p>\n","protected":false},"excerpt":{"rendered":"<p>O PP continua a ser a grande inc\u00f3gnita. Disputado por diversas chapas, o partido est\u00e1 acertado com Ibaneis Rocha (MDB), mas integrantes da legenda conversam com a chapa de Eliana Pedrosa (Pros). Em quest\u00e3o, a elei\u00e7\u00e3o do empres\u00e1rio Paulo Oct\u00e1vio ao Senado e o tempo de televis\u00e3o. At\u00e9 o dia 15, as negocia\u00e7\u00f5es continuam. Desde os tempos de Benedito Domingos, [&hellip;]<\/p>\n","protected":false},"author":9,"featured_media":0,"comment_status":"open","ping_status":"closed","sticky":false,"template":"","format":"standard","meta":{"footnotes":""},"categories":[234],"tags":[],"class_list":["post-12379","post","type-post","status-publish","format-standard","hentry","category-cb-poder"],"_links":{"self":[{"href":"https:\/\/blogs.correiobraziliense.com.br\/cbpoder\/wp-json\/wp\/v2\/posts\/12379","targetHints":{"allow":["GET"]}}],"collection":[{"href":"https:\/\/blogs.correiobraziliense.com.br\/cbpoder\/wp-json\/wp\/v2\/posts"}],"about":[{"href":"https:\/\/blogs.correiobraziliense.com.br\/cbpoder\/wp-json\/wp\/v2\/types\/post"}],"author":[{"embeddable":true,"href":"https:\/\/blogs.correiobraziliense.com.br\/cbpoder\/wp-json\/wp\/v2\/users\/9"}],"replies":[{"embeddable":true,"href":"https:\/\/blogs.correiobraziliense.com.br\/cbpoder\/wp-json\/wp\/v2\/comments?post=12379"}],"version-history":[{"count":1,"href":"https:\/\/blogs.correiobraziliense.com.br\/cbpoder\/wp-json\/wp\/v2\/posts\/12379\/revisions"}],"predecessor-version":[{"id":12380,"href":"https:\/\/blogs.correiobraziliense.com.br\/cbpoder\/wp-json\/wp\/v2\/posts\/12379\/revisions\/12380"}],"wp:attachment":[{"href":"https:\/\/blogs.correiobraziliense.com.br\/cbpoder\/wp-json\/wp\/v2\/media?parent=12379"}],"wp:term":[{"taxonomy":"category","embeddable":true,"href":"https:\/\/blogs.correiobraziliense.com.br\/cbpoder\/wp-json\/wp\/v2\/categories?post=12379"},{"taxonomy":"post_tag","embeddable":true,"href":"https:\/\/blogs.correiobraziliense.com.br\/cbpoder\/wp-json\/wp\/v2\/tags?post=12379"}],"curies":[{"name":"wp","href":"https:\/\/api.w.org\/{rel}","templated":true}]}}