{"id":12376,"date":"2018-08-13T11:14:06","date_gmt":"2018-08-13T14:14:06","guid":{"rendered":"https:\/\/blogs.correiobraziliense.com.br\/cbpoder\/?p=12376"},"modified":"2018-08-13T11:14:06","modified_gmt":"2018-08-13T14:14:06","slug":"mulheres-sao-minoria-na-disputa-majoritaria","status":"publish","type":"post","link":"https:\/\/blogs.correiobraziliense.com.br\/cbpoder\/mulheres-sao-minoria-na-disputa-majoritaria\/","title":{"rendered":"Mulheres s\u00e3o minoria na disputa majorit\u00e1ria"},"content":{"rendered":"<p>As mulheres s\u00e3o minoria nas disputas majorit\u00e1rias do DF. Na corrida ao Pal\u00e1cio do Buriti, h\u00e1 apenas duas candidatas ao Pal\u00e1cio do Buriti, Eliana Pedrosa (Pros) e F\u00e1tima Sousa (PSol), e duas ao Senado, Leila do V\u00f4lei (PSB) e Am\u00e1bile Pacios (PSDB). Entre vices, h\u00e1 duas tamb\u00e9m: Keka Bagno (PSol) e Cl\u00e1udia Farinha (PT). S\u00e3o seis mulheres entre 41 candidatos.<\/p>\n","protected":false},"excerpt":{"rendered":"<p>As mulheres s\u00e3o minoria nas disputas majorit\u00e1rias do DF. Na corrida ao Pal\u00e1cio do Buriti, h\u00e1 apenas duas candidatas ao Pal\u00e1cio do Buriti, Eliana Pedrosa (Pros) e F\u00e1tima Sousa (PSol), e duas ao Senado, Leila do V\u00f4lei (PSB) e Am\u00e1bile Pacios (PSDB). Entre vices, h\u00e1 duas tamb\u00e9m: Keka Bagno (PSol) e Cl\u00e1udia Farinha (PT). S\u00e3o seis mulheres entre 41 candidatos.<\/p>\n","protected":false},"author":9,"featured_media":12377,"comment_status":"open","ping_status":"closed","sticky":false,"template":"","format":"standard","meta":{"footnotes":""},"categories":[234],"tags":[],"class_list":["post-12376","post","type-post","status-publish","format-standard","has-post-thumbnail","hentry","category-cb-poder"],"_links":{"self":[{"href":"https:\/\/blogs.correiobraziliense.com.br\/cbpoder\/wp-json\/wp\/v2\/posts\/12376","targetHints":{"allow":["GET"]}}],"collection":[{"href":"https:\/\/blogs.correiobraziliense.com.br\/cbpoder\/wp-json\/wp\/v2\/posts"}],"about":[{"href":"https:\/\/blogs.correiobraziliense.com.br\/cbpoder\/wp-json\/wp\/v2\/types\/post"}],"author":[{"embeddable":true,"href":"https:\/\/blogs.correiobraziliense.com.br\/cbpoder\/wp-json\/wp\/v2\/users\/9"}],"replies":[{"embeddable":true,"href":"https:\/\/blogs.correiobraziliense.com.br\/cbpoder\/wp-json\/wp\/v2\/comments?post=12376"}],"version-history":[{"count":1,"href":"https:\/\/blogs.correiobraziliense.com.br\/cbpoder\/wp-json\/wp\/v2\/posts\/12376\/revisions"}],"predecessor-version":[{"id":12378,"href":"https:\/\/blogs.correiobraziliense.com.br\/cbpoder\/wp-json\/wp\/v2\/posts\/12376\/revisions\/12378"}],"wp:featuredmedia":[{"embeddable":true,"href":"https:\/\/blogs.correiobraziliense.com.br\/cbpoder\/wp-json\/wp\/v2\/media\/12377"}],"wp:attachment":[{"href":"https:\/\/blogs.correiobraziliense.com.br\/cbpoder\/wp-json\/wp\/v2\/media?parent=12376"}],"wp:term":[{"taxonomy":"category","embeddable":true,"href":"https:\/\/blogs.correiobraziliense.com.br\/cbpoder\/wp-json\/wp\/v2\/categories?post=12376"},{"taxonomy":"post_tag","embeddable":true,"href":"https:\/\/blogs.correiobraziliense.com.br\/cbpoder\/wp-json\/wp\/v2\/tags?post=12376"}],"curies":[{"name":"wp","href":"https:\/\/api.w.org\/{rel}","templated":true}]}}