{"id":12368,"date":"2018-08-09T20:00:04","date_gmt":"2018-08-09T23:00:04","guid":{"rendered":"https:\/\/blogs.correiobraziliense.com.br\/cbpoder\/?p=12368"},"modified":"2018-08-10T16:48:43","modified_gmt":"2018-08-10T19:48:43","slug":"moro-aceita-denuncia-e-gim-argello-vira-reu-na-lava-jato-mais-uma-vez","status":"publish","type":"post","link":"https:\/\/blogs.correiobraziliense.com.br\/cbpoder\/moro-aceita-denuncia-e-gim-argello-vira-reu-na-lava-jato-mais-uma-vez\/","title":{"rendered":"Moro aceita den\u00fancia e Gim Argello vira r\u00e9u na Lava-Jato mais uma vez"},"content":{"rendered":"<p>ANA VIRIATO<\/p>\n<p><span style=\"font-weight: 400\">O juiz S\u00e9rgio Moro, da 13\u00aa Vara Federal de Curitiba, aceitou, nesta quinta-feira (09\/08), den\u00fancia contra o ex-senador Gim Argello (sem partido) e o tornou r\u00e9u por corrup\u00e7\u00e3o passiva e lavagem de dinheiro. A <\/span><span style=\"font-weight: 400\">for\u00e7a-tarefa Lava Jato do Minist\u00e9rio P\u00fablico Federal (MPF) no Paran\u00e1 acusa o ex-parlamentar de receber propina da Galv\u00e3o Engenharia para amenizar as investiga\u00e7\u00f5es relativas \u00e0 empresa\u00a0em comiss\u00f5es de inqu\u00e9rito da Petrobras\u00a0instauradas\u00a0no Congresso Nacional. Gim est\u00e1 preso desde abril de 2016 no Complexo M\u00e9dico Penal, em Pinhais,\u00a0devido a um esquema semelhante.\u00a0<\/span><\/p>\n<p>&nbsp;<\/p>\n<p><span style=\"font-weight: 400\">Conforme a nova den\u00fancia, entre junho e dezembro de 2014, Gim pediu e aceitou R$ 5 milh\u00f5es da Galv\u00e3o Engenharia. Efetivamente, o ex-senador recebeu R$ 1,6 milh\u00e3o do montante acertado no in\u00edcio das negocia\u00e7\u00f5es. O valor teria sido destinado \u00e0s campanhas de tr\u00eas siglas que o apoiaram \u00e0 reelei\u00e7\u00e3o \u00e0quele ano: PSL, PTdoB, hoje Avante, e PEN, atualmente intitulado Patriota. \u00a0Segundo a acusa\u00e7\u00e3o, o PSL recebeu R$ 150 mil, o PTdoB, R$ 400 mil, e o PEN embolsou R$ 1,050 milh\u00e3o.<\/span><\/p>\n<p>&nbsp;<\/p>\n<blockquote><p><span style=\"font-weight: 400\">O R$ 1,6 milh\u00e3o foi repassado as tr\u00eas legendas por meio de cinco doa\u00e7\u00f5es oficiais, \u201ctudo com intuito de dar apar\u00eancia l\u00edcita \u00e0 propina\u201d, pontua a den\u00fancia da for\u00e7a-tarefa da Lava-Jato. Os procuradores da Rep\u00fablica complementam: \u201cOs valores oriundos dos crimes antecedentes a partir do apoio de PSL, PTdoB e PEN a Gim Argello foram reinseridos na economia em favor do ent\u00e3o parlamentar, a partir de atos da campanha em seu benef\u00edcio, tais como exposi\u00e7\u00e3o pol\u00edtica, pagamentos de material de campanha, programas de TV e cabos eleitorais pelas referidas agremia\u00e7\u00f5es\u201d. Ou seja, para o MPF, as legendas receberam dinheiro em troca do apoio pol\u00edtico.<\/span><\/p>\n<p>&nbsp;<\/p><\/blockquote>\n<p><span style=\"font-weight: 400\">Ainda de acordo com a for\u00e7a-tarefa, \u00e0 \u00e9poca l\u00edder do Bloco Parlamentar Uni\u00e3o e For\u00e7a no Senado, Gim Argello indicou e substituiu membros do grupo partid\u00e1ria nas comiss\u00f5es. Para o MPF, com as iniciativas, o ex-senador influenciou os rumos das apura\u00e7\u00f5es, evitando a convoca\u00e7\u00e3o de Dario Galv\u00e3o, presidente da Galv\u00e3o Engenharia, e de outros executivos da empresa para deporem nas comiss\u00f5es de inqu\u00e9rito.<\/span><\/p>\n<p>&nbsp;<\/p>\n<p><span style=\"font-weight: 400\">Um esquema semelhante levou Gim \u00e0 pris\u00e3o. A Justi\u00e7a Federal o condenou a 19 anos de pris\u00e3o pelo acerto de propina com as empreiteiras UTC Engenharia, OAS, Toyo Setal, Camargo Corr\u00eaa e Engevix. O Tribunal Regional Federal (TRF) da 4\u00aa Regi\u00e3o reformou a senten\u00e7a e reduziu a penalidade para 11 anos e 8 meses de reclus\u00e3o.<\/span><\/p>\n<p>&nbsp;<\/p>\n<p><span style=\"font-weight: 400\">Ao <\/span><b>Correio<\/b><span style=\"font-weight: 400\">, o advogado do ex-senador, Marcelo Bessa, afirmou que ainda n\u00e3o teve acesso \u00e0 decis\u00e3o e, por isso, n\u00e3o se manifestaria.<\/span><\/p>\n<p>&nbsp;<\/p>\n","protected":false},"excerpt":{"rendered":"<p>ANA VIRIATO O juiz S\u00e9rgio Moro, da 13\u00aa Vara Federal de Curitiba, aceitou, nesta quinta-feira (09\/08), den\u00fancia contra o ex-senador Gim Argello (sem partido) e o tornou r\u00e9u por corrup\u00e7\u00e3o passiva e lavagem de dinheiro. A for\u00e7a-tarefa Lava Jato do Minist\u00e9rio P\u00fablico Federal (MPF) no Paran\u00e1 acusa o ex-parlamentar de receber propina da Galv\u00e3o Engenharia para amenizar as investiga\u00e7\u00f5es relativas [&hellip;]<\/p>\n","protected":false},"author":90,"featured_media":5961,"comment_status":"open","ping_status":"closed","sticky":false,"template":"","format":"standard","meta":{"footnotes":""},"categories":[234],"tags":[1291,783,61,594],"class_list":["post-12368","post","type-post","status-publish","format-standard","has-post-thumbnail","hentry","category-cb-poder","tag-corrupcao-passiva","tag-gim-argello","tag-lava-jato","tag-lavagem-de-dinheiro"],"_links":{"self":[{"href":"https:\/\/blogs.correiobraziliense.com.br\/cbpoder\/wp-json\/wp\/v2\/posts\/12368","targetHints":{"allow":["GET"]}}],"collection":[{"href":"https:\/\/blogs.correiobraziliense.com.br\/cbpoder\/wp-json\/wp\/v2\/posts"}],"about":[{"href":"https:\/\/blogs.correiobraziliense.com.br\/cbpoder\/wp-json\/wp\/v2\/types\/post"}],"author":[{"embeddable":true,"href":"https:\/\/blogs.correiobraziliense.com.br\/cbpoder\/wp-json\/wp\/v2\/users\/90"}],"replies":[{"embeddable":true,"href":"https:\/\/blogs.correiobraziliense.com.br\/cbpoder\/wp-json\/wp\/v2\/comments?post=12368"}],"version-history":[{"count":5,"href":"https:\/\/blogs.correiobraziliense.com.br\/cbpoder\/wp-json\/wp\/v2\/posts\/12368\/revisions"}],"predecessor-version":[{"id":12374,"href":"https:\/\/blogs.correiobraziliense.com.br\/cbpoder\/wp-json\/wp\/v2\/posts\/12368\/revisions\/12374"}],"wp:featuredmedia":[{"embeddable":true,"href":"https:\/\/blogs.correiobraziliense.com.br\/cbpoder\/wp-json\/wp\/v2\/media\/5961"}],"wp:attachment":[{"href":"https:\/\/blogs.correiobraziliense.com.br\/cbpoder\/wp-json\/wp\/v2\/media?parent=12368"}],"wp:term":[{"taxonomy":"category","embeddable":true,"href":"https:\/\/blogs.correiobraziliense.com.br\/cbpoder\/wp-json\/wp\/v2\/categories?post=12368"},{"taxonomy":"post_tag","embeddable":true,"href":"https:\/\/blogs.correiobraziliense.com.br\/cbpoder\/wp-json\/wp\/v2\/tags?post=12368"}],"curies":[{"name":"wp","href":"https:\/\/api.w.org\/{rel}","templated":true}]}}