{"id":12338,"date":"2018-08-09T05:33:30","date_gmt":"2018-08-09T08:33:30","guid":{"rendered":"https:\/\/blogs.correiobraziliense.com.br\/cbpoder\/?p=12338"},"modified":"2018-08-09T15:06:35","modified_gmt":"2018-08-09T18:06:35","slug":"policia-civil-instaura-inquerito-por-coacao-contra-aliciador-da-mafia-dos-concursos","status":"publish","type":"post","link":"https:\/\/blogs.correiobraziliense.com.br\/cbpoder\/policia-civil-instaura-inquerito-por-coacao-contra-aliciador-da-mafia-dos-concursos\/","title":{"rendered":"Pol\u00edcia Civil instaura inqu\u00e9rito por coa\u00e7\u00e3o contra aliciador da M\u00e1fia dos Concursos"},"content":{"rendered":"<p><span style=\"font-weight: 400\">A Delegacia Especial de Repress\u00e3o ao Crime Organizado (Draco) instaurou inqu\u00e9rito por coa\u00e7\u00e3o contra Am\u00e9rico Gon\u00e7alves Pereira Junior, servidor da Secretaria de Sa\u00fade e integrante da M\u00e1fia dos Concursos.\u00a0 Em depoimento, uma testemunha, que chegou a pagar pela vaga em um certame, contou \u00e0 Pol\u00edcia Civil ter recebido amea\u00e7as do t\u00e9cnico administrativo ap\u00f3s a deflagra\u00e7\u00e3o da Opera\u00e7\u00e3o Panoptes, que investiga fraudes a certames e vestibulares. Conforme o relato, Am\u00e9rico disse \u00e0 v\u00edtima \u00a0\u201cque n\u00e3o deveria contar nada do que sabia, sob pena de sofrer as consequ\u00eancias\u201d, destaca o termo de declara\u00e7\u00e3o ao qual o <\/span><b>Correio <\/b><span style=\"font-weight: 400\">teve acesso. <\/span><\/p>\n<p>&nbsp;<\/p>\n<p><span style=\"font-weight: 400\">O depoente, de 40 anos, conheceu Am\u00e9rico, que atuava como aliciador do grupo criminoso, e Bruno Ortiz, um dos l\u00edderes da M\u00e1fia dos Concursos, por meio de um amigo. Para convenc\u00ea-lo a participar do esquema, Am\u00e9rico usou o pr\u00f3prio exemplo. Disse que fora aprovado no concurso da Secretaria de Sa\u00fade e apenas aguardava a nomea\u00e7\u00e3o.<\/span><\/p>\n<p>&nbsp;<\/p>\n<blockquote><p><span style=\"font-weight: 400\">A testemunha, ent\u00e3o, pagou R$ 3 mil em duas parcelas: a primeira, em esp\u00e9cie, a Am\u00e9rico e a segunda, em transfer\u00eancia banc\u00e1ria. \u00c0 Draco, por\u00e9m, afirmou que, apesar do desembolso, \u00e0 \u00e9poca, n\u00e3o sabia qual certame prestaria. \u201cO grupo criminoso simplesmente garantia a aprova\u00e7\u00e3o no primeiro no concurso que aparecesse\u201d, disse. A fraude ocorreria com o uso de ponto eletr\u00f4nico. No entanto, ap\u00f3s alguns dias, o depoente disse ter sentido receio. Por isso, procurou Am\u00e9rico para pedir a devolu\u00e7\u00e3o do dinheiro, momento em que passou a ser amea\u00e7ado. \u00a0\u00a0<\/span><\/p>\n<p>&nbsp;<\/p><\/blockquote>\n<p><span style=\"font-weight: 400\">Em um dos trechos da senten\u00e7a que condenou, na \u00faltima ter\u00e7a-feira, Am\u00e9rico Gon\u00e7alves pelo crime de organiza\u00e7\u00e3o criminosa, o juiz Gilmar Rodrigues faz men\u00e7\u00e3o \u00e0s cobran\u00e7as da v\u00edtima. Segundo o magistrado, a testemunha chegou a dizer que, caso n\u00e3o recebesse o dinheiro de volta, \u201ciria entregar todo mundo\u201d. <\/span><\/p>\n<p>&nbsp;<\/p>\n<h2><b>Pena por organiza\u00e7\u00e3o criminosa<\/b><\/h2>\n<p>&nbsp;<\/p>\n<p><span style=\"font-weight: 400\">A Am\u00e9rico, pelo envolvimento na M\u00e1fia dos Concursos, a Vara Criminal e Tribunal do J\u00fari de \u00c1guas Claras \u00a0imp\u00f4s multa de R$ 100 mil por danos morais coletivos, al\u00e9m de pena de tr\u00eas anos de pris\u00e3o em regime aberto. A reclus\u00e3o, no entanto, acabou substitu\u00edda por duas penalidades restritivas de direitos, que ser\u00e3o definidas pela Vara de Execu\u00e7\u00f5es de Penas e Medidas Alternativas (VEPEMA). Um exemplo deste tipo de puni\u00e7\u00e3o \u00e9 a presta\u00e7\u00e3o de servi\u00e7os \u00e0 comunidade. \u00a0\u00a0<\/span><\/p>\n<p>&nbsp;<\/p>\n<p><span style=\"font-weight: 400\">Na senten\u00e7a, o juiz Gilmar Rodrigues ainda revogou a pris\u00e3o preventiva do r\u00e9u, que estava atr\u00e1s das grades desde dezembro de 2017. Ao <\/span><b>Correio<\/b><span style=\"font-weight: 400\">, a Secretaria de Sa\u00fade informou que Am\u00e9rico responde a um processo administrativo, o qual est\u00e1 em fase de instru\u00e7\u00e3o na 8\u00aa Comiss\u00e3o de Processo Disciplinar. &#8220;Em respeito \u00e0 presun\u00e7\u00e3o de inoc\u00eancia, o investigado somente poder\u00e1 ser exonerado ou sentenciado ap\u00f3s os tr\u00e2mites processuais, sejam eles administrativos ou judiciais&#8221;, diz a nota. A reportagem n\u00e3o conseguiu contato com a defesa do servidor.<\/span><\/p>\n<p>&nbsp;<\/p>\n","protected":false},"excerpt":{"rendered":"<p>A Delegacia Especial de Repress\u00e3o ao Crime Organizado (Draco) instaurou inqu\u00e9rito por coa\u00e7\u00e3o contra Am\u00e9rico Gon\u00e7alves Pereira Junior, servidor da Secretaria de Sa\u00fade e integrante da M\u00e1fia dos Concursos.\u00a0 Em depoimento, uma testemunha, que chegou a pagar pela vaga em um certame, contou \u00e0 Pol\u00edcia Civil ter recebido amea\u00e7as do t\u00e9cnico administrativo ap\u00f3s a deflagra\u00e7\u00e3o da Opera\u00e7\u00e3o Panoptes, que investiga [&hellip;]<\/p>\n","protected":false},"author":90,"featured_media":9916,"comment_status":"open","ping_status":"closed","sticky":false,"template":"","format":"standard","meta":{"footnotes":""},"categories":[234],"tags":[1431,1080,848,102],"class_list":["post-12338","post","type-post","status-publish","format-standard","has-post-thumbnail","hentry","category-cb-poder","tag-americo-goncalves-pereira-junior","tag-draco","tag-mafia-dos-concursos","tag-policia-civil"],"_links":{"self":[{"href":"https:\/\/blogs.correiobraziliense.com.br\/cbpoder\/wp-json\/wp\/v2\/posts\/12338","targetHints":{"allow":["GET"]}}],"collection":[{"href":"https:\/\/blogs.correiobraziliense.com.br\/cbpoder\/wp-json\/wp\/v2\/posts"}],"about":[{"href":"https:\/\/blogs.correiobraziliense.com.br\/cbpoder\/wp-json\/wp\/v2\/types\/post"}],"author":[{"embeddable":true,"href":"https:\/\/blogs.correiobraziliense.com.br\/cbpoder\/wp-json\/wp\/v2\/users\/90"}],"replies":[{"embeddable":true,"href":"https:\/\/blogs.correiobraziliense.com.br\/cbpoder\/wp-json\/wp\/v2\/comments?post=12338"}],"version-history":[{"count":5,"href":"https:\/\/blogs.correiobraziliense.com.br\/cbpoder\/wp-json\/wp\/v2\/posts\/12338\/revisions"}],"predecessor-version":[{"id":12352,"href":"https:\/\/blogs.correiobraziliense.com.br\/cbpoder\/wp-json\/wp\/v2\/posts\/12338\/revisions\/12352"}],"wp:featuredmedia":[{"embeddable":true,"href":"https:\/\/blogs.correiobraziliense.com.br\/cbpoder\/wp-json\/wp\/v2\/media\/9916"}],"wp:attachment":[{"href":"https:\/\/blogs.correiobraziliense.com.br\/cbpoder\/wp-json\/wp\/v2\/media?parent=12338"}],"wp:term":[{"taxonomy":"category","embeddable":true,"href":"https:\/\/blogs.correiobraziliense.com.br\/cbpoder\/wp-json\/wp\/v2\/categories?post=12338"},{"taxonomy":"post_tag","embeddable":true,"href":"https:\/\/blogs.correiobraziliense.com.br\/cbpoder\/wp-json\/wp\/v2\/tags?post=12338"}],"curies":[{"name":"wp","href":"https:\/\/api.w.org\/{rel}","templated":true}]}}