{"id":12325,"date":"2018-08-08T16:19:55","date_gmt":"2018-08-08T19:19:55","guid":{"rendered":"https:\/\/blogs.correiobraziliense.com.br\/cbpoder\/?p=12325"},"modified":"2018-08-08T16:31:45","modified_gmt":"2018-08-08T19:31:45","slug":"operacao-1226-ministerio-publico-aponta-que-ja-elementos-para-denuncia-por-trafico-de-influencia-no-governo","status":"publish","type":"post","link":"https:\/\/blogs.correiobraziliense.com.br\/cbpoder\/operacao-1226-ministerio-publico-aponta-que-ja-elementos-para-denuncia-por-trafico-de-influencia-no-governo\/","title":{"rendered":"Opera\u00e7\u00e3o 12:26: MP aponta que j\u00e1 h\u00e1 elementos para den\u00fancia por tr\u00e1fico de influ\u00eancia no governo"},"content":{"rendered":"<p>ANA MARIA CAMPOS<\/p>\n<p>Respons\u00e1vel pela Opera\u00e7\u00e3o 12:26, o promotor de Justi\u00e7a Roberto Carlos Silva, da 1\u00aa Promotoria de Justi\u00e7a de Defesa do Patrim\u00f4nio P\u00fablico e Social (Prodep), analisa o material apreendido ontem (07\/08) para preparar a a\u00e7\u00e3o penal contra os alvos dos mandados de busca e apreens\u00e3o cumpridos pela Pol\u00edcia Civil do Distrito Federal. &#8220;J\u00e1 h\u00e1 elementos para uma den\u00fancia por tr\u00e1fico de influ\u00eancia e poss\u00edvel organiza\u00e7\u00e3o criminosa. Mas estamos analisando ainda se houve corrup\u00e7\u00e3o&#8221;, afirmou o promotor ao <strong>Correio<\/strong>.<\/p>\n<p>&nbsp;<\/p>\n<p>Roberto Carlos acompanha a investiga\u00e7\u00e3o desde o in\u00edcio e despachou nesta tarde com o chefe da Divis\u00e3o Especial de Combate aos Crimes contra a Administra\u00e7\u00e3o P\u00fablica (Dicap), Wenderson Teles.<\/p>\n<p>&nbsp;<\/p>\n<p>O membro do Minist\u00e9rio P\u00fablico do DF explicou que h\u00e1 muitas informa\u00e7\u00f5es sob sigilo e tamb\u00e9m investigados com participa\u00e7\u00e3o importante nos crimes que n\u00e3o foram alvo das buscas de ontem. Mas essas pessoas podem ser tamb\u00e9m denunciadas. Pela estrat\u00e9gia da investiga\u00e7\u00e3o, Roberto Carlos n\u00e3o revelou os nomes dos outros suspeitos.<\/p>\n<p>&nbsp;<\/p>\n<p>Ele explica que os diferentes epis\u00f3dios sob investiga\u00e7\u00e3o t\u00eam rela\u00e7\u00e3o pelo v\u00ednculo entre os investigados. &#8220;Em situa\u00e7\u00f5es distintas, eles agiram para alcan\u00e7ar os objetivos por meio de conhecimento e rela\u00e7\u00f5es pessoais com integrantes do governo&#8221;, explica o promotor de Justi\u00e7a.<\/p>\n<p>&nbsp;<\/p>\n<p>Como os delegados que participaram da entrevista coletiva ontem, Roberto Carlos ressaltou que n\u00e3o h\u00e1, at\u00e9 o momento, elementos que indiquem a participa\u00e7\u00e3o do governador Rodrigo Rollemberg (PSB) nos epis\u00f3dios. Se isso ocorresse, o inqu\u00e9rito seria encaminhado ao Superior Tribunal de Justi\u00e7a (STJ), onde tramitam processos criminais relacionados a governadores por il\u00edcitos praticados no exerc\u00edcio do mandato.<\/p>\n<p>&nbsp;<\/p>\n<p>A Pol\u00edcia Civil cumpriu 15 mandados de busca e apreens\u00e3o, autorizados pelo juiz Aimar Neres de Matos, titular da 4\u00aa Vara Criminal de Bras\u00edlia.<\/p>\n<p>&nbsp;<\/p>\n<p>Entre os alvos da Opera\u00e7\u00e3o 12:26, est\u00e3o o ex-assessor especial da Casa Civil Marcello N\u00f3brega; Leonardo Rocha de Almeida Abreu, irm\u00e3o do chefe de gabinete da Casa Civil, Guilherme Rocha de Almeida Abreu; o empres\u00e1rio Marcelo Carvalho; o administrador do Lago Norte, Marcos Woortman; os ex-assessores do deputado Rodrigo Delmasso (PRB), Hermano Gon\u00e7alves de Souza Carvalho, e Luiz Fernando Messina, al\u00e9m de funcion\u00e1rios do Iguatemi Shopping.<\/p>\n<p>&nbsp;<\/p>\n<p>Tr\u00eas epis\u00f3dios est\u00e3o sob investiga\u00e7\u00e3o: o pagamento de uma parcela do aluguel de um pr\u00e9dio pertencente ao grupo do Hospital Home, a libera\u00e7\u00e3o de uma d\u00edvida com a unidade m\u00e9dica, e a negocia\u00e7\u00e3o em torno da amplia\u00e7\u00e3o da \u00e1rea constru\u00edda do Shopping Iguatemi.<\/p>\n<p>&nbsp;<\/p>\n<p><span style=\"font-weight: 400\">Outro lado<\/span><\/p>\n<p>&nbsp;<\/p>\n<p><span style=\"font-weight: 400\">Em nota, o GDF informou que, quanto ao processo envolvendo o Shopping Iguatemi, a tentativa da empresa de ampliar de 0,5 para 1,5 o potencial construtivo n\u00e3o foi atendido. \u201cForam realizadas v\u00e1rios reuni\u00f5es e audi\u00eancias p\u00fablicas, no \u00e2mbito da Luos, e o Executivo n\u00e3o encaminhou qualquer altera\u00e7\u00e3o para a C\u00e2mara Legislativa\u201d. Em reuni\u00e3o realizada na tarde de ontem na Secretaria de Habita\u00e7\u00e3o e Gest\u00e3o do Territ\u00f3rio, a pasta suspendeu o processo at\u00e9 a conclus\u00e3o da investiga\u00e7\u00e3o.<\/span><\/p>\n<p>&nbsp;<\/p>\n<p><span style=\"font-weight: 400\">Quanto ao pagamento de R$ 1 milh\u00e3o ao Hospital Home, o GDF informou que, \u201cquando o atual governo assumiu, existiam servi\u00e7os realizados por diversos fornecedores e n\u00e3o pagos da ordem de R$ 600 milh\u00f5es, sem contratos. Ao longo dos anos foram regularizados os pagamentos, de acordo com a legisla\u00e7\u00e3o. Hoje, esses servi\u00e7os t\u00eam contratos\u201d.<\/span><\/p>\n<p>&nbsp;<\/p>\n<p><span style=\"font-weight: 400\">As investiga\u00e7\u00f5es apontam o pagamento do aluguel de um pr\u00e9dio pertencente \u00e0 rede hospitalar. O GDF afirma que o contrato, fixado na gest\u00e3o anterior para quitar supostos pagamentos atrasados e indeniza\u00e7\u00e3o, n\u00e3o foi honrado, e o contrato, extinto. \u201cO processo de desocupa\u00e7\u00e3o do im\u00f3vel iniciou com a notifica\u00e7\u00e3o da contratada, em 30 de abril de 2015, por desinteresse na continuidade do contrato pela administra\u00e7\u00e3o. Ap\u00f3s ind\u00edcios de irregularidades apontados pela Controladoria-Geral do DF, foram abertas Tomada de Contas Especial e sindic\u00e2ncia para averiguar os fatos apontados\u201d, completou a Casa Civil.<\/span><\/p>\n<p>&nbsp;<\/p>\n<p><span style=\"font-weight: 400\">Em nota, o Shopping Center Iguatemi Bras\u00edlia esclareceu \u201cque todos os requerimentos inerentes aos planos de expans\u00e3o do empreendimento foram devidamente protocolados atendendo aos tr\u00e2mites legais\u201d. A defesa de Marcelo Carvalho afirma que ele desconhece as den\u00fancias da Opera\u00e7\u00e3o 12:26 e que provar\u00e1 \u201cque o uso de seu nome \u00e9 um injusto equ\u00edvoco.\u201d<\/span><\/p>\n<p>&nbsp;<\/p>\n<p><span style=\"font-weight: 400\">Em nota, o Hospital Home negou irregularidades na quita\u00e7\u00e3o da d\u00edvida do governo. \u201cTodos os pagamentos realizados pela Secretaria de Sa\u00fade, ao longo da vig\u00eancia do contrato e seus aditivos, foram antecedidos de solicita\u00e7\u00e3o via e-mail, enviado pela gestora do contrato, constando o valor da nota fiscal a ser emitida e os nomes dos pacientes cujos servi\u00e7os estavam sendo pagos\u201d, alegou o hospital. O Correio n\u00e3o localizou Messina e Hermano.<\/span><\/p>\n<p>&nbsp;<\/p>\n<p><span style=\"font-weight: 400\">Em carta enviada ao governador, Marcello N\u00f3brega pediu exonera\u00e7\u00e3o do cargo de assessor e afirmou que, mais uma vez, havia sido acusado indevidamente. \u201cDepois de enfrentar o calv\u00e1rio da CPI da Sa\u00fade [&#8230;] tendo as investiga\u00e7\u00f5es sido arquivadas por absoluta falta de quaisquer ind\u00edcios de crime ou ilicitude, mais uma vez fui surpreendido em uma nova investiga\u00e7\u00e3o, em que se pretende ardilosamente relacionar meu nome com pessoas que n\u00e3o conhe\u00e7o\u201d, escreveu. O afastamento, segundo Marcello, foi solicitado como forma de preservar a dignidade e se dedicar \u00e0 defesa.<\/span><\/p>\n<p>&nbsp;<\/p>\n<div><\/div>\n<div><\/div>\n","protected":false},"excerpt":{"rendered":"<p>ANA MARIA CAMPOS Respons\u00e1vel pela Opera\u00e7\u00e3o 12:26, o promotor de Justi\u00e7a Roberto Carlos Silva, da 1\u00aa Promotoria de Justi\u00e7a de Defesa do Patrim\u00f4nio P\u00fablico e Social (Prodep), analisa o material apreendido ontem (07\/08) para preparar a a\u00e7\u00e3o penal contra os alvos dos mandados de busca e apreens\u00e3o cumpridos pela Pol\u00edcia Civil do Distrito Federal. &#8220;J\u00e1 h\u00e1 elementos para uma den\u00fancia [&hellip;]<\/p>\n","protected":false},"author":9,"featured_media":12326,"comment_status":"open","ping_status":"closed","sticky":false,"template":"","format":"standard","meta":{"footnotes":""},"categories":[234],"tags":[498,1420,1427,49,1422],"class_list":["post-12325","post","type-post","status-publish","format-standard","has-post-thumbnail","hentry","category-cb-poder","tag-mpdft","tag-operacao-1226","tag-roberto-carlos","tag-rollemberg","tag-trafico-de-influencia"],"_links":{"self":[{"href":"https:\/\/blogs.correiobraziliense.com.br\/cbpoder\/wp-json\/wp\/v2\/posts\/12325","targetHints":{"allow":["GET"]}}],"collection":[{"href":"https:\/\/blogs.correiobraziliense.com.br\/cbpoder\/wp-json\/wp\/v2\/posts"}],"about":[{"href":"https:\/\/blogs.correiobraziliense.com.br\/cbpoder\/wp-json\/wp\/v2\/types\/post"}],"author":[{"embeddable":true,"href":"https:\/\/blogs.correiobraziliense.com.br\/cbpoder\/wp-json\/wp\/v2\/users\/9"}],"replies":[{"embeddable":true,"href":"https:\/\/blogs.correiobraziliense.com.br\/cbpoder\/wp-json\/wp\/v2\/comments?post=12325"}],"version-history":[{"count":4,"href":"https:\/\/blogs.correiobraziliense.com.br\/cbpoder\/wp-json\/wp\/v2\/posts\/12325\/revisions"}],"predecessor-version":[{"id":12330,"href":"https:\/\/blogs.correiobraziliense.com.br\/cbpoder\/wp-json\/wp\/v2\/posts\/12325\/revisions\/12330"}],"wp:featuredmedia":[{"embeddable":true,"href":"https:\/\/blogs.correiobraziliense.com.br\/cbpoder\/wp-json\/wp\/v2\/media\/12326"}],"wp:attachment":[{"href":"https:\/\/blogs.correiobraziliense.com.br\/cbpoder\/wp-json\/wp\/v2\/media?parent=12325"}],"wp:term":[{"taxonomy":"category","embeddable":true,"href":"https:\/\/blogs.correiobraziliense.com.br\/cbpoder\/wp-json\/wp\/v2\/categories?post=12325"},{"taxonomy":"post_tag","embeddable":true,"href":"https:\/\/blogs.correiobraziliense.com.br\/cbpoder\/wp-json\/wp\/v2\/tags?post=12325"}],"curies":[{"name":"wp","href":"https:\/\/api.w.org\/{rel}","templated":true}]}}