{"id":12308,"date":"2018-08-07T18:33:08","date_gmt":"2018-08-07T21:33:08","guid":{"rendered":"https:\/\/blogs.correiobraziliense.com.br\/cbpoder\/?p=12308"},"modified":"2018-08-07T18:33:08","modified_gmt":"2018-08-07T21:33:08","slug":"assessor-da-casa-civil-investigado-em-operacao-da-policia-civil-pede-exoneracao-do-cargo","status":"publish","type":"post","link":"https:\/\/blogs.correiobraziliense.com.br\/cbpoder\/assessor-da-casa-civil-investigado-em-operacao-da-policia-civil-pede-exoneracao-do-cargo\/","title":{"rendered":"Assessor da Casa Civil investigado em opera\u00e7\u00e3o da Policia Civil pede exonera\u00e7\u00e3o do cargo"},"content":{"rendered":"<p>ANA MARIA CAMPOS<\/p>\n<p>Investigado na Opera\u00e7\u00e3o 12:26, Marcello N\u00f3brega pediu exonera\u00e7\u00e3o do cargo de assessor especial na Secretaria-adjunta de Rela\u00e7\u00f5es Institucionais e Sociais da Casa Civil. Nesta manh\u00e3 (07\/08), ele foi alvo de cumprimento de mandado de busca e apreens\u00e3o em casa e no gabinete na Casa Civil, no anexo do Pal\u00e1cio do Buriti.<\/p>\n<p>&nbsp;<\/p>\n<p>Em nota, divulgada hoje (07\/08), o Governo do DF defende que n\u00e3o houve irregularidades no pagamento de R$ 1 milh\u00e3o ao Hospital Home, apontado como um dos ind\u00edcios de tr\u00e1fico de influ\u00eancia praticado por Marcello N\u00f3brega, quando exercia o cargo de subsecret\u00e1rio da Unidade Gestora da Secretaria de Sa\u00fade, em 2015. &#8220;H\u00e1 que se registrar que, quando o atual governo assumiu, existiam servi\u00e7os realizados por diversos fornecedores e n\u00e3o pagos na ordem de R$ 600 milh\u00f5es, sem contratos. Ao longo dos anos, foram regularizados os pagamentos, de acordo com a legisla\u00e7\u00e3o. Hoje esses servi\u00e7os t\u00eam contratos&#8221;, sustenta o GDF.<\/p>\n<p>&nbsp;<\/p>\n<p>N\u00f3brega chegou a prestar depoimento na CPI da Sa\u00fade na C\u00e2mara Legislativa, em 2015.\u00a0A Opera\u00e7\u00e3o 12:26 est\u00e1 sob a responsabilidade da Coordena\u00e7\u00e3o de Combate ao Crime Organizado, aos Crimes contra a Administra\u00e7\u00e3o P\u00fablica, e contra a Ordem Tribut\u00e1ria (Cecor), acompanhada pela Promotoria de Defesa do Patrim\u00f4nio P\u00fablico e Social (Prodep), do Minist\u00e9rio P\u00fablico do DF.<\/p>\n","protected":false},"excerpt":{"rendered":"<p>ANA MARIA CAMPOS Investigado na Opera\u00e7\u00e3o 12:26, Marcello N\u00f3brega pediu exonera\u00e7\u00e3o do cargo de assessor especial na Secretaria-adjunta de Rela\u00e7\u00f5es Institucionais e Sociais da Casa Civil. Nesta manh\u00e3 (07\/08), ele foi alvo de cumprimento de mandado de busca e apreens\u00e3o em casa e no gabinete na Casa Civil, no anexo do Pal\u00e1cio do Buriti. &nbsp; Em nota, divulgada hoje (07\/08), [&hellip;]<\/p>\n","protected":false},"author":9,"featured_media":12310,"comment_status":"open","ping_status":"closed","sticky":false,"template":"","format":"standard","meta":{"footnotes":""},"categories":[234],"tags":[758,1425,1420,138],"class_list":["post-12308","post","type-post","status-publish","format-standard","has-post-thumbnail","hentry","category-cb-poder","tag-exoneracao","tag-marcelo-nobrega","tag-operacao-1226","tag-saude"],"_links":{"self":[{"href":"https:\/\/blogs.correiobraziliense.com.br\/cbpoder\/wp-json\/wp\/v2\/posts\/12308","targetHints":{"allow":["GET"]}}],"collection":[{"href":"https:\/\/blogs.correiobraziliense.com.br\/cbpoder\/wp-json\/wp\/v2\/posts"}],"about":[{"href":"https:\/\/blogs.correiobraziliense.com.br\/cbpoder\/wp-json\/wp\/v2\/types\/post"}],"author":[{"embeddable":true,"href":"https:\/\/blogs.correiobraziliense.com.br\/cbpoder\/wp-json\/wp\/v2\/users\/9"}],"replies":[{"embeddable":true,"href":"https:\/\/blogs.correiobraziliense.com.br\/cbpoder\/wp-json\/wp\/v2\/comments?post=12308"}],"version-history":[{"count":3,"href":"https:\/\/blogs.correiobraziliense.com.br\/cbpoder\/wp-json\/wp\/v2\/posts\/12308\/revisions"}],"predecessor-version":[{"id":12312,"href":"https:\/\/blogs.correiobraziliense.com.br\/cbpoder\/wp-json\/wp\/v2\/posts\/12308\/revisions\/12312"}],"wp:featuredmedia":[{"embeddable":true,"href":"https:\/\/blogs.correiobraziliense.com.br\/cbpoder\/wp-json\/wp\/v2\/media\/12310"}],"wp:attachment":[{"href":"https:\/\/blogs.correiobraziliense.com.br\/cbpoder\/wp-json\/wp\/v2\/media?parent=12308"}],"wp:term":[{"taxonomy":"category","embeddable":true,"href":"https:\/\/blogs.correiobraziliense.com.br\/cbpoder\/wp-json\/wp\/v2\/categories?post=12308"},{"taxonomy":"post_tag","embeddable":true,"href":"https:\/\/blogs.correiobraziliense.com.br\/cbpoder\/wp-json\/wp\/v2\/tags?post=12308"}],"curies":[{"name":"wp","href":"https:\/\/api.w.org\/{rel}","templated":true}]}}