{"id":12287,"date":"2018-08-08T11:07:46","date_gmt":"2018-08-08T14:07:46","guid":{"rendered":"https:\/\/blogs.correiobraziliense.com.br\/cbpoder\/?p=12287"},"modified":"2018-08-08T11:09:26","modified_gmt":"2018-08-08T14:09:26","slug":"stj-suspende-acao-penal-contra-deputado-raimundo-ribeiro-na-operacao-dracon","status":"publish","type":"post","link":"https:\/\/blogs.correiobraziliense.com.br\/cbpoder\/stj-suspende-acao-penal-contra-deputado-raimundo-ribeiro-na-operacao-dracon\/","title":{"rendered":"STJ suspende a\u00e7\u00e3o penal contra deputado Raimundo Ribeiro na Opera\u00e7\u00e3o Dr\u00e1con"},"content":{"rendered":"<p>ANA MARIA CAMPOS<\/p>\n<p>A 6\u00aa Turma do Superior Tribunal de Justi\u00e7a (STJ) trancou a a\u00e7\u00e3o penal contra o deputado distrital Raimundo Ribeiro (MDB), denunciado por corrup\u00e7\u00e3o na Opera\u00e7\u00e3o Dr\u00e1con.<\/p>\n<p>&nbsp;<\/p>\n<p>Ao julgar um habeas corpus impetrado pela defesa do parlamentar, os ministros seguiram a manifesta\u00e7\u00e3o da Procuradoria-Geral da Rep\u00fablica, favor\u00e1vel ao arquivamento do caso por falta de provas suficientes para instaurar o processo criminal contra o parlamentar.\u00a0Ribeiro \u00e9 candidato \u00e0 reelei\u00e7\u00e3o, na coliga\u00e7\u00e3o liderada\u00a0 pelo advogado Ibaneis Rocha (MDB).<\/p>\n<p>&nbsp;<\/p>\n<p>Ibaneis apostava no recurso da deputada Celina Le\u00e3o (PP) no STJ para convid\u00e1-la a integrar a sua chapa como candidata a vice-governadora. Era o nome considerado mais forte, mas os ministros negaram a tentativa da distrital de anular a a\u00e7\u00e3o penal por corrup\u00e7\u00e3o na aprova\u00e7\u00e3o de uma emenda para empresas de UTI. Agora Celina deve continuar na disputa para uma vaga de deputada federal. Para os aliados, tem muita chance.<\/p>\n","protected":false},"excerpt":{"rendered":"<p>ANA MARIA CAMPOS A 6\u00aa Turma do Superior Tribunal de Justi\u00e7a (STJ) trancou a a\u00e7\u00e3o penal contra o deputado distrital Raimundo Ribeiro (MDB), denunciado por corrup\u00e7\u00e3o na Opera\u00e7\u00e3o Dr\u00e1con. &nbsp; Ao julgar um habeas corpus impetrado pela defesa do parlamentar, os ministros seguiram a manifesta\u00e7\u00e3o da Procuradoria-Geral da Rep\u00fablica, favor\u00e1vel ao arquivamento do caso por falta de provas suficientes para [&hellip;]<\/p>\n","protected":false},"author":9,"featured_media":12288,"comment_status":"open","ping_status":"closed","sticky":false,"template":"","format":"standard","meta":{"footnotes":""},"categories":[234],"tags":[],"class_list":["post-12287","post","type-post","status-publish","format-standard","has-post-thumbnail","hentry","category-cb-poder"],"_links":{"self":[{"href":"https:\/\/blogs.correiobraziliense.com.br\/cbpoder\/wp-json\/wp\/v2\/posts\/12287","targetHints":{"allow":["GET"]}}],"collection":[{"href":"https:\/\/blogs.correiobraziliense.com.br\/cbpoder\/wp-json\/wp\/v2\/posts"}],"about":[{"href":"https:\/\/blogs.correiobraziliense.com.br\/cbpoder\/wp-json\/wp\/v2\/types\/post"}],"author":[{"embeddable":true,"href":"https:\/\/blogs.correiobraziliense.com.br\/cbpoder\/wp-json\/wp\/v2\/users\/9"}],"replies":[{"embeddable":true,"href":"https:\/\/blogs.correiobraziliense.com.br\/cbpoder\/wp-json\/wp\/v2\/comments?post=12287"}],"version-history":[{"count":4,"href":"https:\/\/blogs.correiobraziliense.com.br\/cbpoder\/wp-json\/wp\/v2\/posts\/12287\/revisions"}],"predecessor-version":[{"id":12317,"href":"https:\/\/blogs.correiobraziliense.com.br\/cbpoder\/wp-json\/wp\/v2\/posts\/12287\/revisions\/12317"}],"wp:featuredmedia":[{"embeddable":true,"href":"https:\/\/blogs.correiobraziliense.com.br\/cbpoder\/wp-json\/wp\/v2\/media\/12288"}],"wp:attachment":[{"href":"https:\/\/blogs.correiobraziliense.com.br\/cbpoder\/wp-json\/wp\/v2\/media?parent=12287"}],"wp:term":[{"taxonomy":"category","embeddable":true,"href":"https:\/\/blogs.correiobraziliense.com.br\/cbpoder\/wp-json\/wp\/v2\/categories?post=12287"},{"taxonomy":"post_tag","embeddable":true,"href":"https:\/\/blogs.correiobraziliense.com.br\/cbpoder\/wp-json\/wp\/v2\/tags?post=12287"}],"curies":[{"name":"wp","href":"https:\/\/api.w.org\/{rel}","templated":true}]}}