{"id":12268,"date":"2018-08-07T06:16:19","date_gmt":"2018-08-07T09:16:19","guid":{"rendered":"https:\/\/blogs.correiobraziliense.com.br\/cbpoder\/?p=12268"},"modified":"2018-08-07T17:22:17","modified_gmt":"2018-08-07T20:22:17","slug":"operacao-da-policia-civil-apura-trafico-de-influencia-no-governo-do-df","status":"publish","type":"post","link":"https:\/\/blogs.correiobraziliense.com.br\/cbpoder\/operacao-da-policia-civil-apura-trafico-de-influencia-no-governo-do-df\/","title":{"rendered":"Opera\u00e7\u00e3o da Pol\u00edcia Civil apura tr\u00e1fico de influ\u00eancia no governo do DF"},"content":{"rendered":"<p>ANA MARIA CAMPOS<\/p>\n<p>Policiais civis da Coordena\u00e7\u00e3o de Combate ao Crime Organizado, aos Crimes contra a Administra\u00e7\u00e3o P\u00fablica e contra a Ordem Tribut\u00e1ria (CECOR) deflagraram nesta manh\u00e3 (07\/08) a Opera\u00e7\u00e3o 12:26 que apura tr\u00e1fico de influ\u00eancia e advocacia administrativa no cora\u00e7\u00e3o do atual governo. Entre os alvos de 15 mandados de busca e apreens\u00e3o, expedidos pela 4a Vara Criminal de Bras\u00edlia, est\u00e3o a Casa Civil, a Administra\u00e7\u00e3o do Lago Norte e o escrit\u00f3rio do Shopping Iguatemi em S\u00e3o Paulo.<\/p>\n<p>&nbsp;<\/p>\n<p>H\u00e1 suspeita de favorecimento a pagamento de d\u00edvidas pela Secretaria de Sa\u00fade ao Hospital Home, lobby para mudan\u00e7a de destina\u00e7\u00e3o da \u00e1rea de constru\u00e7\u00e3o no Lago Norte e tamb\u00e9m de irregularidades em contratos da Casa Civil.<\/p>\n<p>&nbsp;<\/p>\n<p>A investiga\u00e7\u00e3o, a cargo da Divis\u00e3o de Combate aos Crimes contra a Administra\u00e7\u00e3o P\u00fablica (Dicap), ligada \u00e0 CECOR, envolve o assessor especial da Casa Civil Marcello N\u00f3brega, que chegou a ser investigado na CPI da Sa\u00fade, da C\u00e2mara Legislativa, em 2015. N\u00f3brega foi subsecret\u00e1rio de Administra\u00e7\u00e3o Geral da Secretaria de Sa\u00fade e hoje tem cargo na Casa Civil, por onde passam as principais informa\u00e7\u00f5es sobre a gest\u00e3o do DF.<\/p>\n<p>&nbsp;<\/p>\n<p>Leonardo Rocha de Almeida Abreu, que \u00e9 irm\u00e3o do chefe de Gabinete da Casa Civil, Guilherme Rocha de Almeida Abreu, e o administrador do Lago Norte, Marcos Woortmann, tamb\u00e9m s\u00e3o alvo da Opera\u00e7\u00e3o 12:26.\u00a0H\u00e1 tamb\u00e9m investigados ligados ao deputado Rodrigo Delmasso (PRB). \u00c9 o caso de Luiz Fernando Messina, ex-assessor do distrital, e o funcion\u00e1rio do gabinete Hermano Gon\u00e7alves de Souza Carvalho, secret\u00e1rio de Desenvolvimento Econ\u00f4mico do governo Agnelo Queiroz.<\/p>\n<p>&nbsp;<\/p>\n<p>Os policiais v\u00e3o cumprir ainda mandados na casa de Marcelo Carvalho de Oliveira, que teria participado de reuni\u00f5es com integrantes do GDF para tratar de interesses do Iguatemi. Denunciado na Opera\u00e7\u00e3o Caixa de Pandora, Carvalho foi o principal executivo do grupo Paulo Oct\u00e1vio, um dos donos do Shopping Iguatemi.<\/p>\n<p>&nbsp;<\/p>\n<p>A investiga\u00e7\u00e3o teve in\u00edcio como desdobramento do inqu\u00e9rito relacionado \u00e0 concess\u00e3o do\u00a0transporte p\u00fablico coletivo do DF. Os policiais descobriram ind\u00edcios de que Messina se relacionou com os demais envolvidos para buscar vantagens no GDF a neg\u00f3cios em detrimento do interesse p\u00fablico.\u00a0A apura\u00e7\u00e3o \u00e9 acompanhada pela Promotoria de Defesa do Patrim\u00f4nio P\u00fablico e Social (Prodep) do Minist\u00e9rio P\u00fablico do Distrito Federal e Territ\u00f3rios (MPDFT).<\/p>\n<p>&nbsp;<\/p>\n<p>O nome da opera\u00e7\u00e3o (12:26) \u00e9 uma refer\u00eancia ao prov\u00e9rbio b\u00edblico do Antigo Testamento que diz: \u201cO homem honesto \u00e9 cauteloso em suas amizades, mas o caminho dos \u00edmpios o leva a perder-se\u201d.<\/p>\n","protected":false},"excerpt":{"rendered":"<p>ANA MARIA CAMPOS Policiais civis da Coordena\u00e7\u00e3o de Combate ao Crime Organizado, aos Crimes contra a Administra\u00e7\u00e3o P\u00fablica e contra a Ordem Tribut\u00e1ria (CECOR) deflagraram nesta manh\u00e3 (07\/08) a Opera\u00e7\u00e3o 12:26 que apura tr\u00e1fico de influ\u00eancia e advocacia administrativa no cora\u00e7\u00e3o do atual governo. Entre os alvos de 15 mandados de busca e apreens\u00e3o, expedidos pela 4a Vara Criminal de [&hellip;]<\/p>\n","protected":false},"author":9,"featured_media":12276,"comment_status":"open","ping_status":"closed","sticky":false,"template":"","format":"standard","meta":{"footnotes":""},"categories":[234],"tags":[1197,1051,1421,1420,1422],"class_list":["post-12268","post","type-post","status-publish","format-standard","has-post-thumbnail","hentry","category-cb-poder","tag-casa-civil","tag-cecor","tag-marcello-nobrega","tag-operacao-1226","tag-trafico-de-influencia"],"_links":{"self":[{"href":"https:\/\/blogs.correiobraziliense.com.br\/cbpoder\/wp-json\/wp\/v2\/posts\/12268","targetHints":{"allow":["GET"]}}],"collection":[{"href":"https:\/\/blogs.correiobraziliense.com.br\/cbpoder\/wp-json\/wp\/v2\/posts"}],"about":[{"href":"https:\/\/blogs.correiobraziliense.com.br\/cbpoder\/wp-json\/wp\/v2\/types\/post"}],"author":[{"embeddable":true,"href":"https:\/\/blogs.correiobraziliense.com.br\/cbpoder\/wp-json\/wp\/v2\/users\/9"}],"replies":[{"embeddable":true,"href":"https:\/\/blogs.correiobraziliense.com.br\/cbpoder\/wp-json\/wp\/v2\/comments?post=12268"}],"version-history":[{"count":6,"href":"https:\/\/blogs.correiobraziliense.com.br\/cbpoder\/wp-json\/wp\/v2\/posts\/12268\/revisions"}],"predecessor-version":[{"id":12305,"href":"https:\/\/blogs.correiobraziliense.com.br\/cbpoder\/wp-json\/wp\/v2\/posts\/12268\/revisions\/12305"}],"wp:featuredmedia":[{"embeddable":true,"href":"https:\/\/blogs.correiobraziliense.com.br\/cbpoder\/wp-json\/wp\/v2\/media\/12276"}],"wp:attachment":[{"href":"https:\/\/blogs.correiobraziliense.com.br\/cbpoder\/wp-json\/wp\/v2\/media?parent=12268"}],"wp:term":[{"taxonomy":"category","embeddable":true,"href":"https:\/\/blogs.correiobraziliense.com.br\/cbpoder\/wp-json\/wp\/v2\/categories?post=12268"},{"taxonomy":"post_tag","embeddable":true,"href":"https:\/\/blogs.correiobraziliense.com.br\/cbpoder\/wp-json\/wp\/v2\/tags?post=12268"}],"curies":[{"name":"wp","href":"https:\/\/api.w.org\/{rel}","templated":true}]}}