{"id":12263,"date":"2018-08-06T20:27:52","date_gmt":"2018-08-06T23:27:52","guid":{"rendered":"https:\/\/blogs.correiobraziliense.com.br\/cbpoder\/?p=12263"},"modified":"2018-08-07T03:08:23","modified_gmt":"2018-08-07T06:08:23","slug":"rollemberg-fecha-coligacao-na-qual-concorrera-a-um-novo-mandato-sao-cinco-partidos-ficha-limpa","status":"publish","type":"post","link":"https:\/\/blogs.correiobraziliense.com.br\/cbpoder\/rollemberg-fecha-coligacao-na-qual-concorrera-a-um-novo-mandato-sao-cinco-partidos-ficha-limpa\/","title":{"rendered":"Rollemberg fecha coliga\u00e7\u00e3o na qual concorrer\u00e1 a um novo mandato: &#8220;S\u00e3o cinco partidos ficha limpa&#8221;"},"content":{"rendered":"<p><span style=\"font-weight: 400\">Ap\u00f3s meses de articula\u00e7\u00f5es pol\u00edticas, o governador Rodrigo Rollemberg (PSB) anunciou, nesta segunda-feira (06\/08), a forma\u00e7\u00e3o oficial da chapa na qual concorrer\u00e1 \u00e0 reelei\u00e7\u00e3o. Intitulada &#8220;Bras\u00edlia de M\u00e3os Limpas&#8221;, a frente \u00e9 formada por PSB, PV, Rede, PCdoB e PDT. \u201cS\u00e3o cinco partidos ficha limpa, que t\u00eam uma trajet\u00f3ria de servi\u00e7os prestados \u00e0 cidade, al\u00e9m de afinidade nos campos pol\u00edtico e ideol\u00f3gico\u201d, apontou. <\/span><\/p>\n<p>&nbsp;<\/p>\n<p><span style=\"font-weight: 400\">Rec\u00e9m-chegados \u00e0 alian\u00e7a, pedetistas ficaram apenas com a segunda supl\u00eancia do candidato ao Senado Chico Leite (Rede), a qual ser\u00e1 ocupada pelo ex-controlador-geral do DF Djacyr Arruda. &#8220;Aconteceu por conta da demora para a defini\u00e7\u00e3o do posicionamento do partido&#8221;, justificou o chefe do Pal\u00e1cio do Buriti, se referindo \u00e0s idas e vindas da legenda, que fechou acordo apenas na manh\u00e3 desta segunda-feira. <\/span><\/p>\n<p>&nbsp;<\/p>\n<p><span style=\"font-weight: 400\">O socialista confirmou o ex-secret\u00e1rio de Meio Ambiente Eduardo Brand\u00e3o (PV) como vice-governador. Na corrida pelo Senado, estar\u00e3o\u00a0Chico e a jogadora de v\u00f4lei Leila Barros (PSB). O primeiro suplente do parlamentar ser\u00e1 o empres\u00e1rio \u00c1lvaro Silveira Junior (PSB). Os de Leila, a ex-secret\u00e1ria de Planejamento, Or\u00e7amento e Gest\u00e3o, Leany Lemos, e Maria Ivonete (PCdoB). <\/span><\/p>\n<p>&nbsp;<\/p>\n<blockquote><p><span style=\"font-weight: 400\">A coliga\u00e7\u00e3o tamb\u00e9m definiu a forma\u00e7\u00e3o das chapas proporcionais. Para a disputa pela C\u00e2mara Legislativa, ser\u00e3o formados quatro grupos: PDT\/PV, Rede\/PCdoB e PSB. &#8220;Concorreremos sozinhos, porque temos muitos candidatos com grande potencial de crescimento, que j\u00e1 testaram as urnas. Esperamos eleger tr\u00eas&#8221;, adiantou o governador. No caso da corrida pela C\u00e2mara dos Deputados, haver\u00e1 um chap\u00e3o. A perspectiva das legendas \u00e9 emplacar pelo menos dois parlamentares. <\/span><\/p>\n<p>&nbsp;<\/p><\/blockquote>\n<p><span style=\"font-weight: 400\">Rollemberg disse que, se eleito, espera encontrar condi\u00e7\u00f5es favor\u00e1veis para o exerc\u00edcio da gest\u00e3o. &#8220;Primeiro, temos a perspectiva de uma boa base no Legislativo local. O PSB, junto as demais legendas, deve ter sete representantes no pr\u00f3ximo ano. Al\u00e9m disso, os partidos da composi\u00e7\u00e3o t\u00eam uma grande identidade ideol\u00f3gica. Ent\u00e3o, ser\u00e1 diferente de 2014, quando coligamos com Solidariedade e PSD, que s\u00e3o rec\u00e9m-formados e n\u00e3o t\u00eam hist\u00f3rico de alian\u00e7a conosco&#8221;, explicou. <\/span><\/p>\n<p>&nbsp;<\/p>\n<p><span style=\"font-weight: 400\">O governador aproveitou o an\u00fancio para ressaltar os feitos da gest\u00e3o e criticar, de forma velada, oponentes. &#8220;Nosso est\u00e1dio custou R$ 1,7 bilh\u00e3o e, hoje, \u00e9 alvo de v\u00e1rias investiga\u00e7\u00f5es e processos. N\u00f3s, recentemente, entregamos a ala 2 do Hospital da Crian\u00e7a, que custou R$ 106 milh\u00f5es. <\/span><span style=\"font-weight: 400\">Ou seja, estamos falando de 17 hospitais com o pre\u00e7o de um est\u00e1dio. Esse \u00e9 o pre\u00e7o da corrup\u00e7\u00e3o&#8221;, alfinetou.<\/span><\/p>\n","protected":false},"excerpt":{"rendered":"<p>Ap\u00f3s meses de articula\u00e7\u00f5es pol\u00edticas, o governador Rodrigo Rollemberg (PSB) anunciou, nesta segunda-feira (06\/08), a forma\u00e7\u00e3o oficial da chapa na qual concorrer\u00e1 \u00e0 reelei\u00e7\u00e3o. Intitulada &#8220;Bras\u00edlia de M\u00e3os Limpas&#8221;, a frente \u00e9 formada por PSB, PV, Rede, PCdoB e PDT. \u201cS\u00e3o cinco partidos ficha limpa, que t\u00eam uma trajet\u00f3ria de servi\u00e7os prestados \u00e0 cidade, al\u00e9m de afinidade nos campos pol\u00edtico [&hellip;]<\/p>\n","protected":false},"author":90,"featured_media":12264,"comment_status":"open","ping_status":"closed","sticky":false,"template":"","format":"standard","meta":{"footnotes":""},"categories":[234],"tags":[807,193],"class_list":["post-12263","post","type-post","status-publish","format-standard","has-post-thumbnail","hentry","category-cb-poder","tag-eleicoes-2018","tag-rodrigo-rollemberg"],"_links":{"self":[{"href":"https:\/\/blogs.correiobraziliense.com.br\/cbpoder\/wp-json\/wp\/v2\/posts\/12263","targetHints":{"allow":["GET"]}}],"collection":[{"href":"https:\/\/blogs.correiobraziliense.com.br\/cbpoder\/wp-json\/wp\/v2\/posts"}],"about":[{"href":"https:\/\/blogs.correiobraziliense.com.br\/cbpoder\/wp-json\/wp\/v2\/types\/post"}],"author":[{"embeddable":true,"href":"https:\/\/blogs.correiobraziliense.com.br\/cbpoder\/wp-json\/wp\/v2\/users\/90"}],"replies":[{"embeddable":true,"href":"https:\/\/blogs.correiobraziliense.com.br\/cbpoder\/wp-json\/wp\/v2\/comments?post=12263"}],"version-history":[{"count":3,"href":"https:\/\/blogs.correiobraziliense.com.br\/cbpoder\/wp-json\/wp\/v2\/posts\/12263\/revisions"}],"predecessor-version":[{"id":12267,"href":"https:\/\/blogs.correiobraziliense.com.br\/cbpoder\/wp-json\/wp\/v2\/posts\/12263\/revisions\/12267"}],"wp:featuredmedia":[{"embeddable":true,"href":"https:\/\/blogs.correiobraziliense.com.br\/cbpoder\/wp-json\/wp\/v2\/media\/12264"}],"wp:attachment":[{"href":"https:\/\/blogs.correiobraziliense.com.br\/cbpoder\/wp-json\/wp\/v2\/media?parent=12263"}],"wp:term":[{"taxonomy":"category","embeddable":true,"href":"https:\/\/blogs.correiobraziliense.com.br\/cbpoder\/wp-json\/wp\/v2\/categories?post=12263"},{"taxonomy":"post_tag","embeddable":true,"href":"https:\/\/blogs.correiobraziliense.com.br\/cbpoder\/wp-json\/wp\/v2\/tags?post=12263"}],"curies":[{"name":"wp","href":"https:\/\/api.w.org\/{rel}","templated":true}]}}