{"id":12217,"date":"2018-08-05T15:50:53","date_gmt":"2018-08-05T18:50:53","guid":{"rendered":"https:\/\/blogs.correiobraziliense.com.br\/cbpoder\/?p=12217"},"modified":"2018-08-05T16:11:34","modified_gmt":"2018-08-05T19:11:34","slug":"com-discurso-em-defesa-de-lula-pco-lanca-bancario-renan-rosa-ao-gdf","status":"publish","type":"post","link":"https:\/\/blogs.correiobraziliense.com.br\/cbpoder\/com-discurso-em-defesa-de-lula-pco-lanca-bancario-renan-rosa-ao-gdf\/","title":{"rendered":"Com discurso em defesa de Lula, PCO lan\u00e7a banc\u00e1rio Renan Rosa ao GDF"},"content":{"rendered":"<p><strong>Alexandre de Paula<\/strong><\/p>\n<p>&nbsp;<\/p>\n<p><span style=\"font-weight: 400\">Em conven\u00e7\u00e3o partid\u00e1ria, o Partido da Causa Oper\u00e1ria (PCO) colocou, neste domingo (05\/08), o banc\u00e1rio Renan Rosa na disputa\u00a0pelo Pal\u00e1cio do Buriti.\u00a0<\/span>O servidor p\u00fablico Gilson Dobbin foi escolhido\u00a0como vice-governador da chapa. Tamb\u00e9m funcion\u00e1rio p\u00fablico, Danilo Matoso Macedo concorrer\u00e1 ao Senado.<\/p>\n<p>&nbsp;<\/p>\n<blockquote><p><span style=\"font-weight: 400\">A campanha do partido deve se pautar pela defesa do ex-presidente <\/span><span style=\"font-weight: 400\">Lula<\/span><span style=\"font-weight: 400\">. Nacionalmente, o PCO declarou apoio ao PT. \u201cLutar contra o golpe, pela liberdade de <\/span><span style=\"font-weight: 400\">Lula<\/span><span style=\"font-weight: 400\"> e pela anula\u00e7\u00e3o do impeachment de <\/span><span style=\"font-weight: 400\">Dilma<\/span><span style=\"font-weight: 400\">. Essas s\u00e3o as nossas bandeiras\u201d, explicou Dobbin.<\/span><\/p>\n<p>&nbsp;<\/p><\/blockquote>\n<p><span style=\"font-weight: 400\">Renan Rosa e Gilson Dobbin t\u00eam uma trajet\u00f3ria de mais de 30 anos de milit\u00e2ncia no PCO. \u201cN\u00f3s temos uma rela\u00e7\u00e3o pol\u00edtica muito intensa e que vem de muito tempo. Eu entrei no partido em 1988 a convite do pr\u00f3prio Renan\u201d, conta Dobbin.<\/span><\/p>\n<p>&nbsp;<\/p>\n<p><span style=\"font-weight: 400\">Na conven\u00e7\u00e3o, o PCO n\u00e3o fechou completamente o quadro para as candidaturas proporcionais. A estrat\u00e9gia, segundo Dobbin, \u00e9 deixar a executiva nacional livre para acrescentar ou alterar nomes para a disputa.<\/span><\/p>\n","protected":false},"excerpt":{"rendered":"<p>Alexandre de Paula &nbsp; Em conven\u00e7\u00e3o partid\u00e1ria, o Partido da Causa Oper\u00e1ria (PCO) colocou, neste domingo (05\/08), o banc\u00e1rio Renan Rosa na disputa\u00a0pelo Pal\u00e1cio do Buriti.\u00a0O servidor p\u00fablico Gilson Dobbin foi escolhido\u00a0como vice-governador da chapa. Tamb\u00e9m funcion\u00e1rio p\u00fablico, Danilo Matoso Macedo concorrer\u00e1 ao Senado. &nbsp; A campanha do partido deve se pautar pela defesa do ex-presidente Lula. Nacionalmente, o PCO [&hellip;]<\/p>\n","protected":false},"author":90,"featured_media":12220,"comment_status":"open","ping_status":"closed","sticky":false,"template":"","format":"standard","meta":{"footnotes":""},"categories":[234],"tags":[807,16,1414],"class_list":["post-12217","post","type-post","status-publish","format-standard","has-post-thumbnail","hentry","category-cb-poder","tag-eleicoes-2018","tag-gdf","tag-pco"],"_links":{"self":[{"href":"https:\/\/blogs.correiobraziliense.com.br\/cbpoder\/wp-json\/wp\/v2\/posts\/12217","targetHints":{"allow":["GET"]}}],"collection":[{"href":"https:\/\/blogs.correiobraziliense.com.br\/cbpoder\/wp-json\/wp\/v2\/posts"}],"about":[{"href":"https:\/\/blogs.correiobraziliense.com.br\/cbpoder\/wp-json\/wp\/v2\/types\/post"}],"author":[{"embeddable":true,"href":"https:\/\/blogs.correiobraziliense.com.br\/cbpoder\/wp-json\/wp\/v2\/users\/90"}],"replies":[{"embeddable":true,"href":"https:\/\/blogs.correiobraziliense.com.br\/cbpoder\/wp-json\/wp\/v2\/comments?post=12217"}],"version-history":[{"count":1,"href":"https:\/\/blogs.correiobraziliense.com.br\/cbpoder\/wp-json\/wp\/v2\/posts\/12217\/revisions"}],"predecessor-version":[{"id":12221,"href":"https:\/\/blogs.correiobraziliense.com.br\/cbpoder\/wp-json\/wp\/v2\/posts\/12217\/revisions\/12221"}],"wp:featuredmedia":[{"embeddable":true,"href":"https:\/\/blogs.correiobraziliense.com.br\/cbpoder\/wp-json\/wp\/v2\/media\/12220"}],"wp:attachment":[{"href":"https:\/\/blogs.correiobraziliense.com.br\/cbpoder\/wp-json\/wp\/v2\/media?parent=12217"}],"wp:term":[{"taxonomy":"category","embeddable":true,"href":"https:\/\/blogs.correiobraziliense.com.br\/cbpoder\/wp-json\/wp\/v2\/categories?post=12217"},{"taxonomy":"post_tag","embeddable":true,"href":"https:\/\/blogs.correiobraziliense.com.br\/cbpoder\/wp-json\/wp\/v2\/tags?post=12217"}],"curies":[{"name":"wp","href":"https:\/\/api.w.org\/{rel}","templated":true}]}}