{"id":12174,"date":"2018-08-04T14:09:44","date_gmt":"2018-08-04T17:09:44","guid":{"rendered":"https:\/\/blogs.correiobraziliense.com.br\/cbpoder\/?p=12174"},"modified":"2018-08-04T14:09:44","modified_gmt":"2018-08-04T17:09:44","slug":"stj-nega-liminar-de-arruda","status":"publish","type":"post","link":"https:\/\/blogs.correiobraziliense.com.br\/cbpoder\/stj-nega-liminar-de-arruda\/","title":{"rendered":"STJ nega liminar que deixaria Arruda eleg\u00edvel"},"content":{"rendered":"<p>O ministro Gurgel Faria, do Superior Tribunal de Justi\u00e7a (STJ), negou a liminar requerida pelo ex-governador Jos\u00e9 Roberto Arruda (PR) com pedido de suspens\u00e3o dos efeitos da condena\u00e7\u00e3o em a\u00e7\u00e3o de improbidade administrativa da Opera\u00e7\u00e3o Caixa de Pandora.<\/p>\n<p>&nbsp;<\/p>\n<p>O recurso passou por outros dois ministros que consideraram n\u00e3o haver possibilidade de julgar o caso. Primeiro, o pedido de liminar chegou \u00e0s m\u00e3os do ministro Benedito Gon\u00e7alves. Relator do processo no STJ h\u00e1 tr\u00eas anos, inclusive com decis\u00f5es, ele se considerou suspeito para julgar. Em 2014, uma decis\u00e3o dele tornou Arruda ineleg\u00edvel, justamente pela condena\u00e7\u00e3o na Pandora. O caso est\u00e1 pendente de julgamento desde 2015.<\/p>\n<p>&nbsp;<\/p>\n<p>Com a declara\u00e7\u00e3o de suspei\u00e7\u00e3o, o recurso foi distribu\u00eddo para o ministro Napole\u00e3o Nunes Maia. Mas o Minist\u00e9rio P\u00fablico do Distrito Federal e Territ\u00f3rios (MPDFT) apresentou uma peti\u00e7\u00e3o alegando que o magistrado n\u00e3o era prevento para julgar o caso.<\/p>\n<p>&nbsp;<\/p>\n<p>Houve, ent\u00e3o, uma nova distribui\u00e7\u00e3o.\u00a0Foram tr\u00eas ministros at\u00e9 uma decis\u00e3o que saiu neste s\u00e1bado (04\/08), \u00e0s 12h51. Se o pedido fosse deferido, Arruda teria possibilidade de registrar uma candidatura nesta elei\u00e7\u00e3o.<\/p>\n<p>&nbsp;<\/p>\n<p>Ao <strong>Correio<\/strong>, no entanto, ele afirmou que n\u00e3o tem inten\u00e7\u00e3o de se candidatar neste ano. Ele apoia a chapa encabe\u00e7ada por Alberto Fraga (DEM). A mulher do ex-governador, Fl\u00e1via Arruda (PR), concorre a um mandato de deputada federal.<\/p>\n","protected":false},"excerpt":{"rendered":"<p>O ministro Gurgel Faria, do Superior Tribunal de Justi\u00e7a (STJ), negou a liminar requerida pelo ex-governador Jos\u00e9 Roberto Arruda (PR) com pedido de suspens\u00e3o dos efeitos da condena\u00e7\u00e3o em a\u00e7\u00e3o de improbidade administrativa da Opera\u00e7\u00e3o Caixa de Pandora. &nbsp; O recurso passou por outros dois ministros que consideraram n\u00e3o haver possibilidade de julgar o caso. Primeiro, o pedido de liminar [&hellip;]<\/p>\n","protected":false},"author":9,"featured_media":4254,"comment_status":"open","ping_status":"closed","sticky":false,"template":"","format":"standard","meta":{"footnotes":""},"categories":[234],"tags":[42,56,516,215],"class_list":["post-12174","post","type-post","status-publish","format-standard","has-post-thumbnail","hentry","category-cb-poder","tag-arruda","tag-justica","tag-pandora","tag-stj"],"_links":{"self":[{"href":"https:\/\/blogs.correiobraziliense.com.br\/cbpoder\/wp-json\/wp\/v2\/posts\/12174","targetHints":{"allow":["GET"]}}],"collection":[{"href":"https:\/\/blogs.correiobraziliense.com.br\/cbpoder\/wp-json\/wp\/v2\/posts"}],"about":[{"href":"https:\/\/blogs.correiobraziliense.com.br\/cbpoder\/wp-json\/wp\/v2\/types\/post"}],"author":[{"embeddable":true,"href":"https:\/\/blogs.correiobraziliense.com.br\/cbpoder\/wp-json\/wp\/v2\/users\/9"}],"replies":[{"embeddable":true,"href":"https:\/\/blogs.correiobraziliense.com.br\/cbpoder\/wp-json\/wp\/v2\/comments?post=12174"}],"version-history":[{"count":1,"href":"https:\/\/blogs.correiobraziliense.com.br\/cbpoder\/wp-json\/wp\/v2\/posts\/12174\/revisions"}],"predecessor-version":[{"id":12175,"href":"https:\/\/blogs.correiobraziliense.com.br\/cbpoder\/wp-json\/wp\/v2\/posts\/12174\/revisions\/12175"}],"wp:featuredmedia":[{"embeddable":true,"href":"https:\/\/blogs.correiobraziliense.com.br\/cbpoder\/wp-json\/wp\/v2\/media\/4254"}],"wp:attachment":[{"href":"https:\/\/blogs.correiobraziliense.com.br\/cbpoder\/wp-json\/wp\/v2\/media?parent=12174"}],"wp:term":[{"taxonomy":"category","embeddable":true,"href":"https:\/\/blogs.correiobraziliense.com.br\/cbpoder\/wp-json\/wp\/v2\/categories?post=12174"},{"taxonomy":"post_tag","embeddable":true,"href":"https:\/\/blogs.correiobraziliense.com.br\/cbpoder\/wp-json\/wp\/v2\/tags?post=12174"}],"curies":[{"name":"wp","href":"https:\/\/api.w.org\/{rel}","templated":true}]}}