{"id":12152,"date":"2018-08-03T17:47:16","date_gmt":"2018-08-03T20:47:16","guid":{"rendered":"https:\/\/blogs.correiobraziliense.com.br\/cbpoder\/?p=12152"},"modified":"2018-08-03T17:58:54","modified_gmt":"2018-08-03T20:58:54","slug":"sem-pdt-rollemberg-oficializa-leila-do-volei-do-psb-como-candidata-ao-senado","status":"publish","type":"post","link":"https:\/\/blogs.correiobraziliense.com.br\/cbpoder\/sem-pdt-rollemberg-oficializa-leila-do-volei-do-psb-como-candidata-ao-senado\/","title":{"rendered":"Sem PDT, Rollemberg oficializa Leila do V\u00f4lei, do PSB, como candidata ao Senado"},"content":{"rendered":"<p><strong>Helena Mader<\/strong><\/p>\n<p>&nbsp;<\/p>\n<p>O governador Rodrigo Rollemberg (PSB) lan\u00e7ou, na tarde desta sexta-feira (03\/08), a correligion\u00e1ria e medalhista ol\u00edmpica, Leila Barros, ao Senado em sua chapa, conforme antecipou o blog.\u00a0A ex-secret\u00e1ria de Esporte era pr\u00e9-candidata a deputada distrital, mas o partido decidiu\u00a0coloc\u00e1-la na disputa majorit\u00e1ria para ajudar a alavancar a candidatura\u00a0do socialista. A ex-secret\u00e1ria de Planejamento, Or\u00e7amento e Gest\u00e3o Leany Lemos, que ocupava a vaga at\u00e9 ent\u00e3o, ficar\u00e1 com a 1\u00aa supl\u00eancia. A outra vaga do Senado \u00e9 do distrital Chico Leite (Rede).<\/p>\n<p>&nbsp;<\/p>\n<p>A oficializa\u00e7\u00e3o de Leila como candidata ocorre dois dias ap\u00f3s o PSB sinalizar que, nacionalmente, n\u00e3o apoiar\u00e1 o presidenci\u00e1vel Ciro Gomes (PDT), afastando as chances\u00a0de Rollemberg fechar\u00a0uma alian\u00e7a com\u00a0pedetistas no DF.<\/p>\n<p>&nbsp;<\/p>\n<blockquote><p>Ao anunciar a escolha de Leila, o socialista elogiou Leany Lemos e agradeceu a colabora\u00e7\u00e3o da ex-secret\u00e1ria de Planejamento. &#8220;Ela assumiu um dos cargos mais importantes do nosso governo e equilibrou as contas com o objetivo de fazer pol\u00edticas p\u00fablicas para melhorar a qualidade de vida da nossa popula\u00e7\u00e3o&#8221;, disse Rollemberg.<\/p>\n<p>&nbsp;<\/p><\/blockquote>\n<p>O governador tamb\u00e9m exaltou a trajet\u00f3ria de Leila Barros. &#8220;\u00c9 uma figura carism\u00e1tica, que nos representou em tr\u00eas olimp\u00edadas, sempre honrando o nome de Bras\u00edlia e do Brasil&#8221;.\u00a0O socialista aproveitou o momento do an\u00fancio\u00a0para adiantar sua primeira promessa de campanha. Ele se comprometeu a nomear mulheres\u00a0em pelo menos 50% dos cargos de dire\u00e7\u00e3o, do secretariado e das administra\u00e7\u00f5es regionais.<\/p>\n<p>&nbsp;<\/p>\n<p>A ex-secret\u00e1ria de Esporte lembrou de seu hist\u00f3rico ol\u00edmpico e de sua chegada ao PSB. Ela se filiou ao partido no ano passado, depois de ficar como suplente de distrital pelo PRB, em 2014. &#8220;Lealdade, comprometimento e excel\u00eancia s\u00e3o valores do esporte e encontrei isso dentro do governo&#8221;, afirmou.<\/p>\n<p>&nbsp;<\/p>\n","protected":false},"excerpt":{"rendered":"<p>Helena Mader &nbsp; O governador Rodrigo Rollemberg (PSB) lan\u00e7ou, na tarde desta sexta-feira (03\/08), a correligion\u00e1ria e medalhista ol\u00edmpica, Leila Barros, ao Senado em sua chapa, conforme antecipou o blog.\u00a0A ex-secret\u00e1ria de Esporte era pr\u00e9-candidata a deputada distrital, mas o partido decidiu\u00a0coloc\u00e1-la na disputa majorit\u00e1ria para ajudar a alavancar a candidatura\u00a0do socialista. A ex-secret\u00e1ria de Planejamento, Or\u00e7amento e Gest\u00e3o Leany [&hellip;]<\/p>\n","protected":false},"author":90,"featured_media":12154,"comment_status":"open","ping_status":"closed","sticky":false,"template":"","format":"standard","meta":{"footnotes":""},"categories":[234],"tags":[807,1043,1407,1408],"class_list":["post-12152","post","type-post","status-publish","format-standard","has-post-thumbnail","hentry","category-cb-poder","tag-eleicoes-2018","tag-leany-lemos","tag-leila-barros","tag-leila-do-volei"],"_links":{"self":[{"href":"https:\/\/blogs.correiobraziliense.com.br\/cbpoder\/wp-json\/wp\/v2\/posts\/12152","targetHints":{"allow":["GET"]}}],"collection":[{"href":"https:\/\/blogs.correiobraziliense.com.br\/cbpoder\/wp-json\/wp\/v2\/posts"}],"about":[{"href":"https:\/\/blogs.correiobraziliense.com.br\/cbpoder\/wp-json\/wp\/v2\/types\/post"}],"author":[{"embeddable":true,"href":"https:\/\/blogs.correiobraziliense.com.br\/cbpoder\/wp-json\/wp\/v2\/users\/90"}],"replies":[{"embeddable":true,"href":"https:\/\/blogs.correiobraziliense.com.br\/cbpoder\/wp-json\/wp\/v2\/comments?post=12152"}],"version-history":[{"count":5,"href":"https:\/\/blogs.correiobraziliense.com.br\/cbpoder\/wp-json\/wp\/v2\/posts\/12152\/revisions"}],"predecessor-version":[{"id":12164,"href":"https:\/\/blogs.correiobraziliense.com.br\/cbpoder\/wp-json\/wp\/v2\/posts\/12152\/revisions\/12164"}],"wp:featuredmedia":[{"embeddable":true,"href":"https:\/\/blogs.correiobraziliense.com.br\/cbpoder\/wp-json\/wp\/v2\/media\/12154"}],"wp:attachment":[{"href":"https:\/\/blogs.correiobraziliense.com.br\/cbpoder\/wp-json\/wp\/v2\/media?parent=12152"}],"wp:term":[{"taxonomy":"category","embeddable":true,"href":"https:\/\/blogs.correiobraziliense.com.br\/cbpoder\/wp-json\/wp\/v2\/categories?post=12152"},{"taxonomy":"post_tag","embeddable":true,"href":"https:\/\/blogs.correiobraziliense.com.br\/cbpoder\/wp-json\/wp\/v2\/tags?post=12152"}],"curies":[{"name":"wp","href":"https:\/\/api.w.org\/{rel}","templated":true}]}}