{"id":12112,"date":"2018-08-02T13:23:11","date_gmt":"2018-08-02T16:23:11","guid":{"rendered":"https:\/\/blogs.correiobraziliense.com.br\/cbpoder\/?p=12112"},"modified":"2018-08-02T13:23:11","modified_gmt":"2018-08-02T16:23:11","slug":"na-convencao-do-dem-alckmin-avaliza-acordo-do-psdb-com-fraga","status":"publish","type":"post","link":"https:\/\/blogs.correiobraziliense.com.br\/cbpoder\/na-convencao-do-dem-alckmin-avaliza-acordo-do-psdb-com-fraga\/","title":{"rendered":"Na conven\u00e7\u00e3o do DEM, Alckmin avaliza acordo do PSDB com Fraga"},"content":{"rendered":"<p>ANA MARIA CAMPOS<\/p>\n<p>O tucano Geraldo Alckmin esteve hoje (02\/08) \u00a0na conven\u00e7\u00e3o nacional do DEM, partido que estar\u00e1 em sua coliga\u00e7\u00e3o. Foi uma oportunidade para sacramentar a alian\u00e7a entre os deputados Alberto Fraga (DEM\/DF), pr\u00e9-candidato ao Buriti, e Izalci Lucas (PSDB\/DF), que concorrer\u00e1 ao Senado.<\/p>\n<p>Ex-presidente do DEM no Distrito Federal, o empres\u00e1rio Paulo Oct\u00e1vio esteve na conven\u00e7\u00e3o. Hoje no PP, ele trabalha para levar a legenda para a alian\u00e7a com o DEM e PSDB.<\/p>\n<p>Se isso ocorrer, Anna Christina Kubitschek, mulher d\u00ea Paulo Oct\u00e1vio e neta de Juscelino Kubitschek, deve ser a vice na chapa.<\/p>\n<p>Hoje, no entanto, o PP est\u00e1 fechado com a pr\u00e9-candidatura de Ibaneis Rocha (MDB) ao GDF.<\/p>\n<p>No acordo com o PSDB, Fraga se comprometeu a apoiar Alckmin. Mas, como a coluna Eixo Capital mostrou hoje, o candidato do DEM deve subir no palanque do tucano e pedir votos para Jair Bolsonaro (PSL), j\u00e1 que sua base est\u00e1 fechada com o capit\u00e3o na reserva que tamb\u00e9m concorre \u00e0 Presid\u00eancia.<\/p>\n","protected":false},"excerpt":{"rendered":"<p>ANA MARIA CAMPOS O tucano Geraldo Alckmin esteve hoje (02\/08) \u00a0na conven\u00e7\u00e3o nacional do DEM, partido que estar\u00e1 em sua coliga\u00e7\u00e3o. Foi uma oportunidade para sacramentar a alian\u00e7a entre os deputados Alberto Fraga (DEM\/DF), pr\u00e9-candidato ao Buriti, e Izalci Lucas (PSDB\/DF), que concorrer\u00e1 ao Senado. Ex-presidente do DEM no Distrito Federal, o empres\u00e1rio Paulo Oct\u00e1vio esteve na conven\u00e7\u00e3o. Hoje no [&hellip;]<\/p>\n","protected":false},"author":9,"featured_media":12113,"comment_status":"open","ping_status":"closed","sticky":false,"template":"","format":"standard","meta":{"footnotes":""},"categories":[234],"tags":[],"class_list":["post-12112","post","type-post","status-publish","format-standard","has-post-thumbnail","hentry","category-cb-poder"],"_links":{"self":[{"href":"https:\/\/blogs.correiobraziliense.com.br\/cbpoder\/wp-json\/wp\/v2\/posts\/12112","targetHints":{"allow":["GET"]}}],"collection":[{"href":"https:\/\/blogs.correiobraziliense.com.br\/cbpoder\/wp-json\/wp\/v2\/posts"}],"about":[{"href":"https:\/\/blogs.correiobraziliense.com.br\/cbpoder\/wp-json\/wp\/v2\/types\/post"}],"author":[{"embeddable":true,"href":"https:\/\/blogs.correiobraziliense.com.br\/cbpoder\/wp-json\/wp\/v2\/users\/9"}],"replies":[{"embeddable":true,"href":"https:\/\/blogs.correiobraziliense.com.br\/cbpoder\/wp-json\/wp\/v2\/comments?post=12112"}],"version-history":[{"count":1,"href":"https:\/\/blogs.correiobraziliense.com.br\/cbpoder\/wp-json\/wp\/v2\/posts\/12112\/revisions"}],"predecessor-version":[{"id":12114,"href":"https:\/\/blogs.correiobraziliense.com.br\/cbpoder\/wp-json\/wp\/v2\/posts\/12112\/revisions\/12114"}],"wp:featuredmedia":[{"embeddable":true,"href":"https:\/\/blogs.correiobraziliense.com.br\/cbpoder\/wp-json\/wp\/v2\/media\/12113"}],"wp:attachment":[{"href":"https:\/\/blogs.correiobraziliense.com.br\/cbpoder\/wp-json\/wp\/v2\/media?parent=12112"}],"wp:term":[{"taxonomy":"category","embeddable":true,"href":"https:\/\/blogs.correiobraziliense.com.br\/cbpoder\/wp-json\/wp\/v2\/categories?post=12112"},{"taxonomy":"post_tag","embeddable":true,"href":"https:\/\/blogs.correiobraziliense.com.br\/cbpoder\/wp-json\/wp\/v2\/tags?post=12112"}],"curies":[{"name":"wp","href":"https:\/\/api.w.org\/{rel}","templated":true}]}}