{"id":12098,"date":"2018-08-02T12:12:05","date_gmt":"2018-08-02T15:12:05","guid":{"rendered":"https:\/\/blogs.correiobraziliense.com.br\/cbpoder\/?p=12098"},"modified":"2018-08-02T11:43:40","modified_gmt":"2018-08-02T14:43:40","slug":"fraga-fecha-acordo-com-alckmin-mas-nao-esconde-preferencia-por-bolsonaro","status":"publish","type":"post","link":"https:\/\/blogs.correiobraziliense.com.br\/cbpoder\/fraga-fecha-acordo-com-alckmin-mas-nao-esconde-preferencia-por-bolsonaro\/","title":{"rendered":"Fraga fecha acordo com Alckmin mas n\u00e3o esconde prefer\u00eancia por Bolsonaro"},"content":{"rendered":"<p>A candidatura do deputado Alberto Fraga (DEM\/DF) ao Pal\u00e1cio do Buriti, com o PSDB, inclui um acordo para apoiar Geraldo Alckmin (PSDB). Mas o cora\u00e7\u00e3o de Fraga \u00e9 bolsonariano. Vai pedir voto para o tucano, mas recomendar outra op\u00e7\u00e3o. \u201cMinha liga\u00e7\u00e3o com Bolsonaro \u00e9 muito forte\u201d, justifica Fraga.<\/p>\n","protected":false},"excerpt":{"rendered":"<p>A candidatura do deputado Alberto Fraga (DEM\/DF) ao Pal\u00e1cio do Buriti, com o PSDB, inclui um acordo para apoiar Geraldo Alckmin (PSDB). Mas o cora\u00e7\u00e3o de Fraga \u00e9 bolsonariano. Vai pedir voto para o tucano, mas recomendar outra op\u00e7\u00e3o. \u201cMinha liga\u00e7\u00e3o com Bolsonaro \u00e9 muito forte\u201d, justifica Fraga.<\/p>\n","protected":false},"author":9,"featured_media":12099,"comment_status":"open","ping_status":"closed","sticky":false,"template":"","format":"standard","meta":{"footnotes":""},"categories":[234],"tags":[],"class_list":["post-12098","post","type-post","status-publish","format-standard","has-post-thumbnail","hentry","category-cb-poder"],"_links":{"self":[{"href":"https:\/\/blogs.correiobraziliense.com.br\/cbpoder\/wp-json\/wp\/v2\/posts\/12098","targetHints":{"allow":["GET"]}}],"collection":[{"href":"https:\/\/blogs.correiobraziliense.com.br\/cbpoder\/wp-json\/wp\/v2\/posts"}],"about":[{"href":"https:\/\/blogs.correiobraziliense.com.br\/cbpoder\/wp-json\/wp\/v2\/types\/post"}],"author":[{"embeddable":true,"href":"https:\/\/blogs.correiobraziliense.com.br\/cbpoder\/wp-json\/wp\/v2\/users\/9"}],"replies":[{"embeddable":true,"href":"https:\/\/blogs.correiobraziliense.com.br\/cbpoder\/wp-json\/wp\/v2\/comments?post=12098"}],"version-history":[{"count":1,"href":"https:\/\/blogs.correiobraziliense.com.br\/cbpoder\/wp-json\/wp\/v2\/posts\/12098\/revisions"}],"predecessor-version":[{"id":12100,"href":"https:\/\/blogs.correiobraziliense.com.br\/cbpoder\/wp-json\/wp\/v2\/posts\/12098\/revisions\/12100"}],"wp:featuredmedia":[{"embeddable":true,"href":"https:\/\/blogs.correiobraziliense.com.br\/cbpoder\/wp-json\/wp\/v2\/media\/12099"}],"wp:attachment":[{"href":"https:\/\/blogs.correiobraziliense.com.br\/cbpoder\/wp-json\/wp\/v2\/media?parent=12098"}],"wp:term":[{"taxonomy":"category","embeddable":true,"href":"https:\/\/blogs.correiobraziliense.com.br\/cbpoder\/wp-json\/wp\/v2\/categories?post=12098"},{"taxonomy":"post_tag","embeddable":true,"href":"https:\/\/blogs.correiobraziliense.com.br\/cbpoder\/wp-json\/wp\/v2\/tags?post=12098"}],"curies":[{"name":"wp","href":"https:\/\/api.w.org\/{rel}","templated":true}]}}