{"id":12026,"date":"2018-07-31T04:55:58","date_gmt":"2018-07-31T07:55:58","guid":{"rendered":"https:\/\/blogs.correiobraziliense.com.br\/cbpoder\/?p=12026"},"modified":"2018-07-31T04:55:58","modified_gmt":"2018-07-31T07:55:58","slug":"sem-acordo-grupo-de-frejat-segue-rachado-para-as-eleicoes","status":"publish","type":"post","link":"https:\/\/blogs.correiobraziliense.com.br\/cbpoder\/sem-acordo-grupo-de-frejat-segue-rachado-para-as-eleicoes\/","title":{"rendered":"Sem acordo, grupo de Frejat segue rachado para as elei\u00e7\u00f5es"},"content":{"rendered":"<p>ANA MARIA CAMPOS<\/p>\n<p>Depois de uma longa reuni\u00e3o que entrou pela madrugada, n\u00e3o houve acordo para que o ex-presidente da OAB\/DF Ibaneis Rocha (MDB) e o deputado Alberto Fraga (DEM\/DF) saiam candidatos juntos. Integrantes do grupo que apoiava Jofran Frejat (PR), eles devem encabe\u00e7ar chapas advers\u00e1rias no primeiro turno como candidatos a governador.<\/p>\n<p>Ibaneis tem o MDB, PP e o Avante, uma frente com estrutura, recursos e o maior tempo de televis\u00e3o da campanha. Fraga deve ser candidato com o apoio do PR. \u00c9 poss\u00edvel que concorra com Fl\u00e1via Arruda (PR) como vice. Ele deve buscar uma alian\u00e7a com o PSDB, que tem o deputado Izalci Lucas como pr\u00e9-candidato.<\/p>\n<p>O ex-presidente da OAB\/DF vai montar a chapa dentro de seu grupo pol\u00edtico. \u201cAgora, vamos mostrar que somos a novidade da elei\u00e7\u00e3o. Vamos para a rua\u201d, disse Ibaneis aos aliados. Por ter sido o deputado federal mais votado em 2014, Fraga acredita que tem condi\u00e7\u00f5es de vit\u00f3ria.<\/p>\n<p>A an\u00e1lise de pol\u00edticos do grupo \u00e9 de que Fraga arranca melhor, por ser mais conhecido, mas Ibaneis pode surpreender na chegada \u00e0s urnas, na reta final, por n\u00e3o ter rejei\u00e7\u00e3o.<\/p>\n<p>Com esse racha, tudo pode acontecer nesta elei\u00e7\u00e3o.Quem alcan\u00e7ar entre 15% a 18% dos votos estar\u00e1 no segundo turno.<\/p>\n<p>Na disputa \u00e0 reelei\u00e7\u00e3o, Rodrigo Rollemberg (PSB) deve enfrentar Ibaneis Rocha (MDB), Alberto Fraga (DEM), Eliana Pedrosa (Pros), Rog\u00e9rio Rosso (PSD), \u00a0Izalci Lucas (PSDB), J\u00falio Miragaya (PT), F\u00e1tima Sousa (PSol), General Paulo Chagas (PRP), Alexandre Guerra (Novo) e Major Paulo Barreto (PRTB).<\/p>\n<p>H\u00e1 chance ainda de algumas candidaturas se fundirem, mas a tend\u00eancia \u00e9 de que haja muitos concorrentes. O prazo para o fim das conven\u00e7\u00f5es \u00e9 domingo (05\/08), mas at\u00e9 15 de agosto, \u00faltimo dia para registros das candidaturas na Justi\u00e7a Eleitoral, h\u00e1 possibilidades de mudan\u00e7as.<\/p>\n<p>&nbsp;<\/p>\n<p>&nbsp;<\/p>\n","protected":false},"excerpt":{"rendered":"<p>ANA MARIA CAMPOS Depois de uma longa reuni\u00e3o que entrou pela madrugada, n\u00e3o houve acordo para que o ex-presidente da OAB\/DF Ibaneis Rocha (MDB) e o deputado Alberto Fraga (DEM\/DF) saiam candidatos juntos. Integrantes do grupo que apoiava Jofran Frejat (PR), eles devem encabe\u00e7ar chapas advers\u00e1rias no primeiro turno como candidatos a governador. Ibaneis tem o MDB, PP e o [&hellip;]<\/p>\n","protected":false},"author":9,"featured_media":11898,"comment_status":"open","ping_status":"closed","sticky":false,"template":"","format":"standard","meta":{"footnotes":""},"categories":[234],"tags":[217,81,919,966],"class_list":["post-12026","post","type-post","status-publish","format-standard","has-post-thumbnail","hentry","category-cb-poder","tag-eleicao","tag-fraga","tag-frejat","tag-ibaneis"],"_links":{"self":[{"href":"https:\/\/blogs.correiobraziliense.com.br\/cbpoder\/wp-json\/wp\/v2\/posts\/12026","targetHints":{"allow":["GET"]}}],"collection":[{"href":"https:\/\/blogs.correiobraziliense.com.br\/cbpoder\/wp-json\/wp\/v2\/posts"}],"about":[{"href":"https:\/\/blogs.correiobraziliense.com.br\/cbpoder\/wp-json\/wp\/v2\/types\/post"}],"author":[{"embeddable":true,"href":"https:\/\/blogs.correiobraziliense.com.br\/cbpoder\/wp-json\/wp\/v2\/users\/9"}],"replies":[{"embeddable":true,"href":"https:\/\/blogs.correiobraziliense.com.br\/cbpoder\/wp-json\/wp\/v2\/comments?post=12026"}],"version-history":[{"count":1,"href":"https:\/\/blogs.correiobraziliense.com.br\/cbpoder\/wp-json\/wp\/v2\/posts\/12026\/revisions"}],"predecessor-version":[{"id":12027,"href":"https:\/\/blogs.correiobraziliense.com.br\/cbpoder\/wp-json\/wp\/v2\/posts\/12026\/revisions\/12027"}],"wp:featuredmedia":[{"embeddable":true,"href":"https:\/\/blogs.correiobraziliense.com.br\/cbpoder\/wp-json\/wp\/v2\/media\/11898"}],"wp:attachment":[{"href":"https:\/\/blogs.correiobraziliense.com.br\/cbpoder\/wp-json\/wp\/v2\/media?parent=12026"}],"wp:term":[{"taxonomy":"category","embeddable":true,"href":"https:\/\/blogs.correiobraziliense.com.br\/cbpoder\/wp-json\/wp\/v2\/categories?post=12026"},{"taxonomy":"post_tag","embeddable":true,"href":"https:\/\/blogs.correiobraziliense.com.br\/cbpoder\/wp-json\/wp\/v2\/tags?post=12026"}],"curies":[{"name":"wp","href":"https:\/\/api.w.org\/{rel}","templated":true}]}}