{"id":12003,"date":"2018-07-28T11:42:48","date_gmt":"2018-07-28T14:42:48","guid":{"rendered":"https:\/\/blogs.correiobraziliense.com.br\/cbpoder\/?p=12003"},"modified":"2018-07-28T11:42:48","modified_gmt":"2018-07-28T14:42:48","slug":"em-entrevista-luiz-estevao-reforca-a-suspeita-de-privilegios-na-papuda","status":"publish","type":"post","link":"https:\/\/blogs.correiobraziliense.com.br\/cbpoder\/em-entrevista-luiz-estevao-reforca-a-suspeita-de-privilegios-na-papuda\/","title":{"rendered":"Em entrevista, Luiz Estev\u00e3o refor\u00e7a a suspeita de privil\u00e9gios na Papuda"},"content":{"rendered":"<p style=\"text-align: left\">ANA MARIA CAMPOS<\/p>\n<p>A Pol\u00edcia Civil do DF estava certa. Luiz Estev\u00e3o era o \u201cdono\u201d do Centro de Deten\u00e7\u00e3o Provis\u00f3ria (CDP) onde cumpria pena h\u00e1 dois anos e cinco meses de pris\u00e3o pelos desvios do TRT de S\u00e3o Paulo.<\/p>\n<p>Em entrevista \u00e0 revista \u00c9poca, concedida tr\u00eas dias antes de ser transferido para o Pavilh\u00e3o de Seguran\u00e7a M\u00e1xima da Penitenci\u00e1ria do DF (PDF1), Estev\u00e3o admitiu que mandou construir o bloco 5 do CDP, onde passou a temporada at\u00e9 a decis\u00e3o da ju\u00edza Leila Cury, da Vara de Execu\u00e7\u00f5es Penais (VEP) de retir\u00e1-lo de l\u00e1.<\/p>\n<p>Estev\u00e3o chamou uma arquiteta de seu grupo empresarial e deu a ordem para fazer a obra. Essa quest\u00e3o ainda est\u00e1 sob investiga\u00e7\u00e3o criminal e \u00e9 motivo de uma a\u00e7\u00e3o de improbidade administrativa movida contra ele e ex-dirigentes do sistema penitenci\u00e1rio. Estev\u00e3o afirmou que tomou essa provid\u00eancia a pedido do ex-ministro da Justi\u00e7a M\u00e1rcio Thomaz Bastos, que j\u00e1 morreu. O advogado, segundo relato de Estev\u00e3o, tinha preocupa\u00e7\u00e3o com os condenados do mensal\u00e3o que seriam enviados para a Papuda.<\/p>\n<p>L\u00edder dos presos<br \/>\nAlvo de uma investiga\u00e7\u00e3o da Coordena\u00e7\u00e3o de Combate ao Crime Organizado, aos Crimes contra a Administra\u00e7\u00e3o P\u00fablica e contra a Ordem Tribut\u00e1ria (CECOR) sobre corrup\u00e7\u00e3o dentro do pres\u00eddio, Luiz Estev\u00e3o contou que doou a maioria dos livros para a biblioteca, comprou equipamentos para a cantina, deu orienta\u00e7\u00f5es para os colegas no c\u00e1rcere e empregos para que pudessem conseguir progress\u00e3o do regime de cumprimento de pena.<\/p>\n<p>Usava uma m\u00e1quina de caf\u00e9 expresso porque n\u00e3o consome a\u00e7\u00facar e tinha um aparelho de CD para ouvir m\u00fasica cl\u00e1ssica e jazz. Disse ainda que orientou juridicamente o doleiro L\u00facio Funaro, seu colega de cela durante meses, o que levou a uma dela\u00e7\u00e3o premiada dele relacionada a pol\u00edticos do MDB.<\/p>\n<p>Estev\u00e3o disse que convivia nove horas por dia com os demais detentos, no p\u00e1tio e na biblioteca. Deu muitos conselhos sobre como viver dentro do pres\u00eddio. Numa rela\u00e7\u00e3o t\u00e3o pr\u00f3xima com os demais presos, fica a d\u00favida: Por que ele mantinha o benef\u00edcio de permanecer sozinho ou com apenas um outro interno, Jos\u00e9 Dirceu, numa cela, enquanto outros eram amontoados num ambiente de at\u00e9 12 pessoas?<\/p>\n<p>Ao dar entrevista, Estev\u00e3o refor\u00e7ou uma imagem que a ju\u00edza Leila Cury, com veem\u00eancia tentou afastar em sua decis\u00e3o sobre a transfer\u00eancia: o preso milion\u00e1rio era o rei do pres\u00eddio.<\/p>\n<p>Inimigos separados<br \/>\nUma coisa \u00e9 certa: Luiz Estev\u00e3o e Geddel Vieira Lima n\u00e3o podem ficar presos na mesma cela na Papuda. S\u00e3o inimigos.<\/p>\n<p>No CDP, estavam em alas separadas. Estev\u00e3o sozinho ou com Jos\u00e9 Dirceu, e Geddel, com v\u00e1rios outros internos. E agora tamb\u00e9m n\u00e3o est\u00e3o juntos em PDF1.<\/p>\n<p>Foi Estev\u00e3o quem, dentro do pres\u00eddio, orientou o doleiro L\u00facio Funaro a fechar um acordo de dela\u00e7\u00e3o premiada que o livrou da pris\u00e3o em dezembro.<\/p>\n<p>Ex-ministro do atual governo, Geddel e o presidente Michel Temer foram atingidos. Segundo o Minist\u00e9rio P\u00fablico, o pol\u00edtico baiano tinha pavor que Funaro abrisse a boca.<\/p>\n","protected":false},"excerpt":{"rendered":"<p>ANA MARIA CAMPOS A Pol\u00edcia Civil do DF estava certa. Luiz Estev\u00e3o era o \u201cdono\u201d do Centro de Deten\u00e7\u00e3o Provis\u00f3ria (CDP) onde cumpria pena h\u00e1 dois anos e cinco meses de pris\u00e3o pelos desvios do TRT de S\u00e3o Paulo. Em entrevista \u00e0 revista \u00c9poca, concedida tr\u00eas dias antes de ser transferido para o Pavilh\u00e3o de Seguran\u00e7a M\u00e1xima da Penitenci\u00e1ria do [&hellip;]<\/p>\n","protected":false},"author":9,"featured_media":10186,"comment_status":"open","ping_status":"closed","sticky":false,"template":"","format":"standard","meta":{"footnotes":""},"categories":[234],"tags":[324,1068,102],"class_list":["post-12003","post","type-post","status-publish","format-standard","has-post-thumbnail","hentry","category-cb-poder","tag-luiz-estevao","tag-papuda","tag-policia-civil"],"_links":{"self":[{"href":"https:\/\/blogs.correiobraziliense.com.br\/cbpoder\/wp-json\/wp\/v2\/posts\/12003","targetHints":{"allow":["GET"]}}],"collection":[{"href":"https:\/\/blogs.correiobraziliense.com.br\/cbpoder\/wp-json\/wp\/v2\/posts"}],"about":[{"href":"https:\/\/blogs.correiobraziliense.com.br\/cbpoder\/wp-json\/wp\/v2\/types\/post"}],"author":[{"embeddable":true,"href":"https:\/\/blogs.correiobraziliense.com.br\/cbpoder\/wp-json\/wp\/v2\/users\/9"}],"replies":[{"embeddable":true,"href":"https:\/\/blogs.correiobraziliense.com.br\/cbpoder\/wp-json\/wp\/v2\/comments?post=12003"}],"version-history":[{"count":1,"href":"https:\/\/blogs.correiobraziliense.com.br\/cbpoder\/wp-json\/wp\/v2\/posts\/12003\/revisions"}],"predecessor-version":[{"id":12004,"href":"https:\/\/blogs.correiobraziliense.com.br\/cbpoder\/wp-json\/wp\/v2\/posts\/12003\/revisions\/12004"}],"wp:featuredmedia":[{"embeddable":true,"href":"https:\/\/blogs.correiobraziliense.com.br\/cbpoder\/wp-json\/wp\/v2\/media\/10186"}],"wp:attachment":[{"href":"https:\/\/blogs.correiobraziliense.com.br\/cbpoder\/wp-json\/wp\/v2\/media?parent=12003"}],"wp:term":[{"taxonomy":"category","embeddable":true,"href":"https:\/\/blogs.correiobraziliense.com.br\/cbpoder\/wp-json\/wp\/v2\/categories?post=12003"},{"taxonomy":"post_tag","embeddable":true,"href":"https:\/\/blogs.correiobraziliense.com.br\/cbpoder\/wp-json\/wp\/v2\/tags?post=12003"}],"curies":[{"name":"wp","href":"https:\/\/api.w.org\/{rel}","templated":true}]}}